{"id":4278,"date":"2017-10-30T16:41:12","date_gmt":"2017-10-30T16:41:12","guid":{"rendered":"http:\/\/www.friedensplattform.at\/?p=4278"},"modified":"2017-10-30T16:41:12","modified_gmt":"2017-10-30T16:41:12","slug":"friedensratschlag-2017","status":"publish","type":"post","link":"https:\/\/www.friedensplattform.at\/?p=4278","title":{"rendered":"Friedensratschlag 2017"},"content":{"rendered":"<h3><strong>24. bundesweiter und internatonaler<\/strong><br \/>\n<strong>Friedensratschlag 2017<\/strong><br \/>\n<strong>Sa.\/So. 2.\/3. Dezember<\/strong><br \/>\n<strong>Universit\u00e4t Kassel<\/strong><br \/>\nStandort: Wilhelmsh\u00f6her Allee 73<\/h3>\n<div>Zum Friedensratschlag 2017<\/div>\n<div>Die Welt steht am Abgrund. Kriege, Kriegsdrohungen neuer<\/div>\n<div>&#8211;<\/div>\n<div>dings sogar mit Atomwafen, Milit\u00e4rman\u00f6ver und umfassende<\/div>\n<div>Aufr\u00fcstung bestmmen die Auseinandersetzung um politsche<\/div>\n<div>Einfussbereiche und Ressourcen.<\/div>\n<div><a href=\"http:\/\/www.friedensplattform.at\/wp-content\/uploads\/2017\/10\/2017_Friedensratschlag_Flyer_A4.pdf\">2017_Friedensratschlag_Flyer_A4<\/a><\/div>\n<p><!--more--><\/p>\n<div><\/div>\n<div><\/div>\n<div>Kriege in weiten Teilen der<\/div>\n<div>Welt, Millionen Tote und Verletzte, Gef\u00fcchtete, zerst\u00f6rte L\u00e4n<\/div>\n<div>&#8211;<\/div>\n<div>der und Militarisierung der Gesellschaf &#8211; Dieser Teufelskreis<\/div>\n<div>muss durchbrochen werden!<\/div>\n<div>Dem Ruf von NATO, EU und Bundesregierung nach Aufr\u00fcstung<\/div>\n<div>setzen wir \u201eAbr\u00fcsten stat aufr\u00fcsten\u201c entgegen. Friedensbewe<\/div>\n<div>&#8211;<\/div>\n<div>gung, Friedensforschung und Politk sind gefordert, eine frie<\/div>\n<div>&#8211;<\/div>\n<div>densf\u00e4hige Politk zu entwickeln und durchzusetzen. Darum<\/div>\n<div>trefen wir uns zu unserem 24. Friedensratschlag in Kassel.<\/div>\n<div>Die Umsetzung der NATO-Vereinbarung, die R\u00fcstungsausga<\/div>\n<div>&#8211;<\/div>\n<div>ben zu verdoppeln, muss verhindert werden, die fnanziellen<\/div>\n<div>Mitel m\u00fcssen f\u00fcr soziale Entwicklung eingesetzt werden. Der<\/div>\n<div>UNO-Vertrag zur \u00c4chtung von Atomwafen geh\u00f6rt durchgesetzt<\/div>\n<div>und die Atomwafen in B\u00fcchel geh\u00f6ren abgezogen. Deutsche<\/div>\n<div>Truppen sind aus den Auslandseins\u00e4tzen zur\u00fcckzuziehen und<\/div>\n<div>Wafenexporte zu verbieten. Die milit\u00e4rische Aufr\u00fcstung muss<\/div>\n<div>gestoppt, Spannungen ab- und gegenseitges Vertrauen aufge<\/div>\n<div>&#8211;<\/div>\n<div>baut werden.<\/div>\n<div>Unser Engagement f\u00fcr diese friedenspolitschen Forderungen<\/div>\n<div>schlie\u00dft die entschiedene Zur\u00fcckweisung rechtsextremer und<\/div>\n<div>fremdenfeindlicher Bestrebungen ein.<\/div>\n<div>Tagungsort:<\/div>\n<div>Abr\u00fcsten stat aufr\u00fcsten<\/div>\n<div>&#8211; Atomwafen abschafen<\/div>\n<div>\u2013 Bundeswehr abr\u00fcsten<\/div>\n<div>\u2013 Wafenexporte stoppen<\/div>\n<div>&#8211; Fluchtursachen und nicht Fl\u00fcchtende bek\u00e4mpfen<\/div>\n<div>&#8211; Sozialausgaben stat R\u00fcstungsausgaben erh\u00f6hen<\/div>\n<div>Entspannungspolitk jetzt<\/div>\n<div>24e bundesweiter und internatonaler<\/div>\n<div>Friedensratschlag 2017<\/div>\n<div>Sae\/Soe 2e\/3e Dezember<\/div>\n<div>Universit\u00e4t Kassel<\/div>\n<div>Standort: Wilhelmsh\u00f6her Allee 73<\/div>\n<div><\/div>\n","protected":false},"excerpt":{"rendered":"<p>24. bundesweiter und internatonaler Friedensratschlag 2017 Sa.\/So. 2.\/3. Dezember Universit\u00e4t Kassel Standort: Wilhelmsh\u00f6her Allee 73 Zum Friedensratschlag 2017 Die Welt steht am Abgrund. Kriege, Kriegsdrohungen neuer &#8211; dings sogar mit Atomwafen, Milit\u00e4rman\u00f6ver und umfassende Aufr\u00fcstung bestmmen die Auseinandersetzung um politsche Einfussbereiche und Ressourcen. 2017_Friedensratschlag_Flyer_A4<\/p>\n","protected":false},"author":2,"featured_media":0,"comment_status":"open","ping_status":"open","sticky":false,"template":"","format":"standard","meta":{"footnotes":""},"categories":[1],"tags":[],"class_list":["post-4278","post","type-post","status-publish","format-standard","hentry","category-allgemein"],"_links":{"self":[{"href":"https:\/\/www.friedensplattform.at\/index.php?rest_route=\/wp\/v2\/posts\/4278","targetHints":{"allow":["GET"]}}],"collection":[{"href":"https:\/\/www.friedensplattform.at\/index.php?rest_route=\/wp\/v2\/posts"}],"about":[{"href":"https:\/\/www.friedensplattform.at\/index.php?rest_route=\/wp\/v2\/types\/post"}],"author":[{"embeddable":true,"href":"https:\/\/www.friedensplattform.at\/index.php?rest_route=\/wp\/v2\/users\/2"}],"replies":[{"embeddable":true,"href":"https:\/\/www.friedensplattform.at\/index.php?rest_route=%2Fwp%2Fv2%2Fcomments&post=4278"}],"version-history":[{"count":1,"href":"https:\/\/www.friedensplattform.at\/index.php?rest_route=\/wp\/v2\/posts\/4278\/revisions"}],"predecessor-version":[{"id":4280,"href":"https:\/\/www.friedensplattform.at\/index.php?rest_route=\/wp\/v2\/posts\/4278\/revisions\/4280"}],"wp:attachment":[{"href":"https:\/\/www.friedensplattform.at\/index.php?rest_route=%2Fwp%2Fv2%2Fmedia&parent=4278"}],"wp:term":[{"taxonomy":"category","embeddable":true,"href":"https:\/\/www.friedensplattform.at\/index.php?rest_route=%2Fwp%2Fv2%2Fcategories&post=4278"},{"taxonomy":"post_tag","embeddable":true,"href":"https:\/\/www.friedensplattform.at\/index.php?rest_route=%2Fwp%2Fv2%2Ftags&post=4278"}],"curies":[{"name":"wp","href":"https:\/\/api.w.org\/{rel}","templated":true}]}}