{"id":4287,"date":"2017-11-17T08:08:55","date_gmt":"2017-11-17T08:08:55","guid":{"rendered":"http:\/\/www.friedensplattform.at\/?p=4287"},"modified":"2017-12-13T21:15:10","modified_gmt":"2017-12-13T21:15:10","slug":"buchvorstellungdiskussion-zu-palaestina","status":"publish","type":"post","link":"https:\/\/www.friedensplattform.at\/?p=4287","title":{"rendered":"Buchvorstellung+Diskussion zu PAL\u00c4STINA"},"content":{"rendered":"<div><\/div>\n<div><b>Pal\u00e4stina &#8211; hundert Jahre leere Versprechen<\/b><\/div>\n<div><b>mit Herausgeber Fritz Edlinger<\/b><\/div>\n<div>\n<p>am<\/p>\n<p><b>Mittwoch, 22. November 2017<\/b><\/p>\n<p><b>19:00<\/b><\/p>\n<p><b>KulturCaf\u00e9 <\/b><b> Cuntra la Cultra<br \/>\nGriesplatz 5\/Graz<\/b><\/p>\n<p>Am 2. November 1917 erkl\u00e4rte der britische Au\u00dfenminister Arthur James Balfour, in Pal\u00e4stina eine Heimst\u00e4tte f\u00fcr das j\u00fcdische Volk errichten zu wollen. Er nahm damit einen genau 20 Jahre zuvor auf dem zionistischen Weltkongress in Basel entwickelten Vorschlag auf. Die Balfour-Erkl\u00e4rung ist eine bedeutsame weltpolitische Z\u00e4sur, die den Nahen Osten seither nicht zur Ruhe kommen l\u00e4sst.<\/p>\n<p>Den 100. Jahrestag dieser Verbindung aus britischem Weltmachtstreben und Zionismus nimmt der Herausgeber Fritz Edlinger zum Anlass, einerseits die gegebenen Versprechen und die vergebenen Chancen der seither verstrichenen Jahrzehnte zu analysieren und andererseits aktuelle L\u00f6sungsmodelle f\u00fcr den israelisch-pal\u00e4stinensischen Dauerkonflikt zu pr\u00e4sentieren.<\/p>\n<p>&nbsp;<\/p>\n<p><a href=\"http:\/\/www.friedensplattform.at\/wp-content\/uploads\/2017\/11\/Buchvorstellung-Edlinger-22_11_17.pdf\">Buchvorstellung Edlinger 22_11_17<\/a><\/p>\n<\/div>\n","protected":false},"excerpt":{"rendered":"<p>Pal\u00e4stina &#8211; hundert Jahre leere Versprechen mit Herausgeber Fritz Edlinger am Mittwoch, 22. November 2017 19:00 KulturCaf\u00e9 Cuntra la Cultra Griesplatz 5\/Graz Am 2. November 1917 erkl\u00e4rte der britische Au\u00dfenminister Arthur James Balfour, in Pal\u00e4stina eine Heimst\u00e4tte f\u00fcr das j\u00fcdische Volk errichten zu wollen. Er nahm damit einen genau 20 Jahre zuvor auf dem zionistischen &hellip; <a href=\"https:\/\/www.friedensplattform.at\/?p=4287\" class=\"more-link\"><span class=\"screen-reader-text\">Buchvorstellung+Diskussion zu PAL\u00c4STINA<\/span> weiterlesen <span class=\"meta-nav\">&rarr;<\/span><\/a><\/p>\n","protected":false},"author":3,"featured_media":0,"comment_status":"open","ping_status":"open","sticky":false,"template":"","format":"standard","meta":{"footnotes":""},"categories":[1,18],"tags":[],"class_list":["post-4287","post","type-post","status-publish","format-standard","hentry","category-allgemein","category-palaestina-solidaritaet"],"_links":{"self":[{"href":"https:\/\/www.friedensplattform.at\/index.php?rest_route=\/wp\/v2\/posts\/4287","targetHints":{"allow":["GET"]}}],"collection":[{"href":"https:\/\/www.friedensplattform.at\/index.php?rest_route=\/wp\/v2\/posts"}],"about":[{"href":"https:\/\/www.friedensplattform.at\/index.php?rest_route=\/wp\/v2\/types\/post"}],"author":[{"embeddable":true,"href":"https:\/\/www.friedensplattform.at\/index.php?rest_route=\/wp\/v2\/users\/3"}],"replies":[{"embeddable":true,"href":"https:\/\/www.friedensplattform.at\/index.php?rest_route=%2Fwp%2Fv2%2Fcomments&post=4287"}],"version-history":[{"count":1,"href":"https:\/\/www.friedensplattform.at\/index.php?rest_route=\/wp\/v2\/posts\/4287\/revisions"}],"predecessor-version":[{"id":4289,"href":"https:\/\/www.friedensplattform.at\/index.php?rest_route=\/wp\/v2\/posts\/4287\/revisions\/4289"}],"wp:attachment":[{"href":"https:\/\/www.friedensplattform.at\/index.php?rest_route=%2Fwp%2Fv2%2Fmedia&parent=4287"}],"wp:term":[{"taxonomy":"category","embeddable":true,"href":"https:\/\/www.friedensplattform.at\/index.php?rest_route=%2Fwp%2Fv2%2Fcategories&post=4287"},{"taxonomy":"post_tag","embeddable":true,"href":"https:\/\/www.friedensplattform.at\/index.php?rest_route=%2Fwp%2Fv2%2Ftags&post=4287"}],"curies":[{"name":"wp","href":"https:\/\/api.w.org\/{rel}","templated":true}]}}