{"id":4290,"date":"2017-11-17T18:49:46","date_gmt":"2017-11-17T18:49:46","guid":{"rendered":"http:\/\/www.friedensplattform.at\/?p=4290"},"modified":"2017-11-17T21:31:28","modified_gmt":"2017-11-17T21:31:28","slug":"video-und-bericht-zum-vortrag-des-palaestinensischen-botschafters-in-graz","status":"publish","type":"post","link":"https:\/\/www.friedensplattform.at\/?p=4290","title":{"rendered":"Video und Bericht zum Vortrag des pal\u00e4stinensischen Botschafters in Graz"},"content":{"rendered":"<p><strong>Pal\u00e4stina: Europa muss seine Z\u00f6gerlichkeit \u00fcberwinden!<\/strong><\/p>\n<p>\u00dcber \u201ePal\u00e4stina und die Rolle der Europ\u00e4ischen Union\u201c\u00a0 referierte der Botschafter Pal\u00e4stinas in \u00d6sterreich, Saleh Abdel Shafi, am 3. Nov. 2017 in einem gut besuchten Vortrag an der Universit\u00e4t Graz.\u00a0 Die naheliegendste L\u00f6sung sei jene, neben Israel einen unabh\u00e4ngigen Staat Pal\u00e4stina auf jenen 22 % des Landes zu schaffen, <!--more-->auf die sein Volk durch die Gr\u00fcndung des j\u00fcdischen Staates 1948\/49 und die Vertreibung von 750.000 Menschen zur\u00fcckgedr\u00e4ngt wurde. Israel versuche eine derartige L\u00f6sung durch seine Siedlungspolitik faktisch unm\u00f6glich zu machen.\u00a0 Die dr\u00fcckende Milit\u00e4rbesatzung habe das Ziel die Pal\u00e4stinenserInnen zu zerm\u00fcrben und zum Verlassen des Landes zu bewegen.<\/p>\n<p>Die Zweistaaten-L\u00f6sung werde von allen UN-Mitgliedern unterst\u00fctzt. Sogar die USA bekennen sich dazu. Diese st\u00fcnden aber gleichzeitig bedingungslos hinter der Realpolitik Israels. Sie leisten 4 Mrd. US$ Milit\u00e4rhilfe j\u00e4hrlich und gew\u00e4hren Israel eine unbegrenzte Kreditgarantie f\u00fcr alle seine Schulden. Die Haltung der EU sei differenzierter aber zwiesp\u00e4ltig. Einerseits leiste sie gro\u00dfe Zahlungen in die Infrastruktur Pal\u00e4stinas, nehme es dann aber kleinlaut hin, wenn die israelische Armee die damit geschaffenen Einrichtungen zerst\u00f6re. Ebenso zwiesp\u00e4ltigltig\u00a0 r\u00e4ume die EU Israel in einem Assoziationsvertrag aus dem Jahr 2000 gro\u00dfe Handelsprivilegien ein, fordere aber die in der Pr\u00e4ambel festgeschriebene Einhaltung der Menschenrechte nicht ein. Auf Kosten der Steuerzahler liefere Deutschland an Israels sogar atomraketengeeignete U-Boote.\u00a0 Entscheidend w\u00e4re es, w\u00fcrden die Europ\u00e4ischen Staaten, \u00fcber ihr grunds\u00e4tzliches Eintreten f\u00fcr die Zweistaatenl\u00f6sung hinaus,\u00a0 Pal\u00e4stina als Staat anerkennen, so wie es etwa Schweden schon getan hat.<\/p>\n<p>Eine Hoffnung bestehe in einem st\u00e4rkeren Engagement der europ\u00e4ischen Zivilgesellschaft. Ein zunehmender Druck auf die offizielle EU-Au\u00dfenpolitik\u00a0 w\u00fcrde auch Israel an den Verhandlungstisch bringen, weil die EU Israels wichtigster Handelpartner sei.\u00a0 Eine breite Unterst\u00fctzung der von der pal\u00e4stinensischen Zivilgesellschaft ausgehenden gewaltfreie BDS-Bewegung<a href=\"#_ftn1\" name=\"_ftnref1\">[1]<\/a> k\u00f6nnte daf\u00fcr eine geeigneter Hebel sein.<\/p>\n<h5><a href=\"#_ftnref1\" name=\"_ftn1\">[1]<\/a><em>BDS steht f\u00fcr Boykott, Desinvestment, Sanktionen. Unter diesem K\u00fcrzel ruft eine internationale Solidarit\u00e4tsbewegung dazu auf bis zum Ende der Besatzung und bis zur Aufhebung seiner Apartheidspolitik Waren aus Israel zu boykottieren, Investitionen zur\u00fcckzuziehen und politisch wirksame Sanktionen zu setzen. Die BDS-Kampagne wurde im Jahr 2005 von 171 pal\u00e4stinensischen zivilgesellschaftlichen Gruppen gegr\u00fcndet. Sie ist eine weltweite Bewegung. Mehr Info unter: <\/em><\/h5>\n<h5><em><a href=\"http:\/\/www.bds-info.at\" target=\"_blank\" rel=\"noopener\" data-saferedirecturl=\"https:\/\/www.google.com\/url?hl=de&amp;q=http:\/\/www.bds-info.at&amp;source=gmail&amp;ust=1511030742561000&amp;usg=AFQjCNF3cFst_d5YZC3ZblEUNeYZPQ739Q\">www.bds-info.at<\/a><br \/>\n<a href=\"http:\/\/www.facebook.com\/bds.austria\" target=\"_blank\" rel=\"noopener\" data-saferedirecturl=\"https:\/\/www.google.com\/url?hl=de&amp;q=http:\/\/www.facebook.com\/bds.austria&amp;source=gmail&amp;ust=1511030742561000&amp;usg=AFQjCNGtnKO3vsG-6YYt0prOivzxfNOjyA\">www.facebook.com\/bds.austria<\/a><br \/>\n<a href=\"http:\/\/www.youtube.com\/BDSaustria\" target=\"_blank\" rel=\"noopener\" data-saferedirecturl=\"https:\/\/www.google.com\/url?hl=de&amp;q=http:\/\/www.youtube.com\/BDSaustria&amp;source=gmail&amp;ust=1511030742562000&amp;usg=AFQjCNFD5GjCo5y022zJ6WOICyRyJ2adrw\">www.youtube.com\/BDSaustria<\/a><br \/>\n<a href=\"mailto:office@bds-info.at\" target=\"_blank\" rel=\"noopener\">office@bds-info.at<\/a><br \/>\n<\/em><\/h5>\n<p>&nbsp;<\/p>\n<p><iframe loading=\"lazy\" title=\"Pal\u00e4stinaVortrag\" width=\"604\" height=\"453\" src=\"https:\/\/www.youtube.com\/embed\/_5Sqw4nmSrw?feature=oembed\" frameborder=\"0\" allow=\"accelerometer; autoplay; clipboard-write; encrypted-media; gyroscope; picture-in-picture; web-share\" referrerpolicy=\"strict-origin-when-cross-origin\" allowfullscreen><\/iframe><\/p>\n","protected":false},"excerpt":{"rendered":"<p>Pal\u00e4stina: Europa muss seine Z\u00f6gerlichkeit \u00fcberwinden! \u00dcber \u201ePal\u00e4stina und die Rolle der Europ\u00e4ischen Union\u201c\u00a0 referierte der Botschafter Pal\u00e4stinas in \u00d6sterreich, Saleh Abdel Shafi, am 3. Nov. 2017 in einem gut besuchten Vortrag an der Universit\u00e4t Graz.\u00a0 Die naheliegendste L\u00f6sung sei jene, neben Israel einen unabh\u00e4ngigen Staat Pal\u00e4stina auf jenen 22 % des Landes zu schaffen,<\/p>\n","protected":false},"author":3,"featured_media":0,"comment_status":"open","ping_status":"open","sticky":false,"template":"","format":"standard","meta":{"footnotes":""},"categories":[18],"tags":[],"class_list":["post-4290","post","type-post","status-publish","format-standard","hentry","category-palaestina-solidaritaet"],"_links":{"self":[{"href":"https:\/\/www.friedensplattform.at\/index.php?rest_route=\/wp\/v2\/posts\/4290","targetHints":{"allow":["GET"]}}],"collection":[{"href":"https:\/\/www.friedensplattform.at\/index.php?rest_route=\/wp\/v2\/posts"}],"about":[{"href":"https:\/\/www.friedensplattform.at\/index.php?rest_route=\/wp\/v2\/types\/post"}],"author":[{"embeddable":true,"href":"https:\/\/www.friedensplattform.at\/index.php?rest_route=\/wp\/v2\/users\/3"}],"replies":[{"embeddable":true,"href":"https:\/\/www.friedensplattform.at\/index.php?rest_route=%2Fwp%2Fv2%2Fcomments&post=4290"}],"version-history":[{"count":1,"href":"https:\/\/www.friedensplattform.at\/index.php?rest_route=\/wp\/v2\/posts\/4290\/revisions"}],"predecessor-version":[{"id":4291,"href":"https:\/\/www.friedensplattform.at\/index.php?rest_route=\/wp\/v2\/posts\/4290\/revisions\/4291"}],"wp:attachment":[{"href":"https:\/\/www.friedensplattform.at\/index.php?rest_route=%2Fwp%2Fv2%2Fmedia&parent=4290"}],"wp:term":[{"taxonomy":"category","embeddable":true,"href":"https:\/\/www.friedensplattform.at\/index.php?rest_route=%2Fwp%2Fv2%2Fcategories&post=4290"},{"taxonomy":"post_tag","embeddable":true,"href":"https:\/\/www.friedensplattform.at\/index.php?rest_route=%2Fwp%2Fv2%2Ftags&post=4290"}],"curies":[{"name":"wp","href":"https:\/\/api.w.org\/{rel}","templated":true}]}}