{"id":4297,"date":"2017-12-13T21:21:52","date_gmt":"2017-12-13T21:21:52","guid":{"rendered":"http:\/\/www.friedensplattform.at\/?p=4297"},"modified":"2017-12-13T21:21:52","modified_gmt":"2017-12-13T21:21:52","slug":"leserinnenbrief-an-kleine-zeitung-betr-jerusalem","status":"publish","type":"post","link":"https:\/\/www.friedensplattform.at\/?p=4297","title":{"rendered":"Leserinnenbrief an Kleine Zeitung betr. JERUSALEM"},"content":{"rendered":"<p>Herr Yaron schreibt, dass muslimische Politiker eine Dynamik der Radikalisierung ausl\u00f6sen, weil sie auf die Worte von Trump emp\u00f6rt reagieren. Mir erschlie\u00dft sich die Logik nicht, denn was die pal\u00e4stinensischen Menschen in Rage bringt, sind Herrn Trumps Worte, sie brauchen keine muslimischen Politiker, die ihnen sagen, dass ihre Rechte wieder einmal mit F\u00fc\u00dfen getreten werden.<!--more--><\/p>\n<p>&nbsp;<\/p>\n<p><strong>An:<\/strong> &#8218;<a href=\"mailto:leserforum@kleinezeitung.at\">leserforum@kleinezeitung.at<\/a>&#8218; &lt;<a href=\"mailto:leserforum@kleinezeitung.at\">leserforum@kleinezeitung.at<\/a>&gt;<br \/>\n<strong>Betreff:<\/strong> Lesermeinung zu Jerusalem<\/p>\n<p>&nbsp;<\/p>\n<p>Ich bitte Sie, meine Stellungnahme zum Artikel vom 8.12.2017 von Gil Yaron\u00a8Die tr\u00fcgerische Solidarit\u00e4t der islamischen Welt\u00a8 zu ver\u00f6ffentlichen:<\/p>\n<p>&nbsp;<\/p>\n<p>Herr Yaron schreibt, dass muslimische Politiker eine Dynamik der Radikalisierung ausl\u00f6sen, weil sie auf die Worte von Trump emp\u00f6rt reagieren. Mir erschlie\u00dft sich die Logik nicht, denn was die pal\u00e4stinensischen Menschen in Rage bringt, sind Herrn Trumps Worte, sie brauchen keine muslimischen Politiker, die ihnen sagen, dass ihre Rechte wieder einmal mit F\u00fc\u00dfen getreten werden.<\/p>\n<p>&nbsp;<\/p>\n<p>Dann schreibt Herr Yaron von der radikalislamischen Hamas<strong>.<\/strong> Ich m\u00f6chte Herrn Yaron bitten, solche Worte mit Vorsicht zu verwenden und zu differenzieren. Ich glaube, die Zuschreibungen von \u00a8radikal\u00a8 und \u00a8islamisch\u00a8 l\u00f6sen in den Menschen Angst und Islamophobie aus, etwas was eine so renommierte Zeitung wie Sie unbedingt vermeiden sollte. Erinnern m\u00f6chte ich, dass die Hamas demokratische Wahlen gewonnen hat, welche die ach so demokratische Welt dann aber pl\u00f6tzlich nicht anerkannte.<\/p>\n<p>&nbsp;<\/p>\n<p>Dass die Pal\u00e4stinenser vom Gazastreifen aus einen Krieg gegen Israel starten k\u00f6nnten ist eine Aussage, die nur jemand glauben kann, der nicht wei\u00df, dass die Pal\u00e4stinenser in Gaza prek\u00e4re selbstgefertigte Raketen verwenden, w\u00e4hrend Israel \u00fcber eine der st\u00e4rksten Armeen der Welt verf\u00fcgt.<\/p>\n<p>&nbsp;<\/p>\n<p>Was \u00fcberhaupt nicht zur Sprache kommt ist die Tatsache, dass Israel das Westjordanland besetzt h\u00e4lt und Jerusalem au\u00dferdem auch noch annektierte. Eine Besatzung, die laut V\u00f6lkerrecht illegal ist und die von der Weltengemeinschaft durch unz\u00e4hlige UNO-Resolutionen verurteilt wurde, dasselbe gilt f\u00fcr die illegale Annexion.<\/p>\n<p>&nbsp;<\/p>\n<p>Ebenso fehlt eine Erkl\u00e4rung \u00fcber den Status von Jerusalem: Anl\u00e4sslich des UN-Teilungsplanes von 1947 wurde Jerusalem als Corpus Separatum deklariert, das hei\u00dft, Jerusalem sollte unter internationaler Verwaltung stehen. Nach dem Krieg wurde 1949 eine Waffenstillstandslinie, die sogenannte gr\u00fcne Linie vereinbart, Jerusalem wurde in ein israelisches West-Jerusalem und pal\u00e4stinensisches Ost-Jerusalem geteilt. Beim Krieg 1967 besetzte Israel den Ostteil und kurz danach annektierte Israel diesen Teil. 2002 wurde dann die Mauer gebaut, aber nicht auf der gr\u00fcnen Linie, sondern tief drinnen auf pal\u00e4stinensischem Territorium.\u00a0 Die Grenzen Jerusalems wurden von Israel verschiedene Male unilateral neu gezogen und dadurch mehr pal\u00e4stinensisches Land annektiert. Was au\u00dferdem zur Folge hatte, dass Jerusalem immer mehr von der Westbank getrennt wurde. Alle diese Entscheidungen Israels, den Charakter und Status von Jerusalem zu ver\u00e4ndern, wurden von den UN-Mitgliedsstaaten nicht anerkannt (siehe UN-Sicherheitsrats-Resolutionen 252, 267, 471, 476, 478) und sind daher null und nichtig.<\/p>\n<p>&nbsp;<\/p>\n<p>Christine Hoedl<\/p>\n","protected":false},"excerpt":{"rendered":"<p>Herr Yaron schreibt, dass muslimische Politiker eine Dynamik der Radikalisierung ausl\u00f6sen, weil sie auf die Worte von Trump emp\u00f6rt reagieren. Mir erschlie\u00dft sich die Logik nicht, denn was die pal\u00e4stinensischen Menschen in Rage bringt, sind Herrn Trumps Worte, sie brauchen keine muslimischen Politiker, die ihnen sagen, dass ihre Rechte wieder einmal mit F\u00fc\u00dfen getreten werden.<\/p>\n","protected":false},"author":3,"featured_media":0,"comment_status":"open","ping_status":"open","sticky":false,"template":"","format":"standard","meta":{"footnotes":""},"categories":[5],"tags":[],"class_list":["post-4297","post","type-post","status-publish","format-standard","hentry","category-arabischer-raum"],"_links":{"self":[{"href":"https:\/\/www.friedensplattform.at\/index.php?rest_route=\/wp\/v2\/posts\/4297","targetHints":{"allow":["GET"]}}],"collection":[{"href":"https:\/\/www.friedensplattform.at\/index.php?rest_route=\/wp\/v2\/posts"}],"about":[{"href":"https:\/\/www.friedensplattform.at\/index.php?rest_route=\/wp\/v2\/types\/post"}],"author":[{"embeddable":true,"href":"https:\/\/www.friedensplattform.at\/index.php?rest_route=\/wp\/v2\/users\/3"}],"replies":[{"embeddable":true,"href":"https:\/\/www.friedensplattform.at\/index.php?rest_route=%2Fwp%2Fv2%2Fcomments&post=4297"}],"version-history":[{"count":1,"href":"https:\/\/www.friedensplattform.at\/index.php?rest_route=\/wp\/v2\/posts\/4297\/revisions"}],"predecessor-version":[{"id":4298,"href":"https:\/\/www.friedensplattform.at\/index.php?rest_route=\/wp\/v2\/posts\/4297\/revisions\/4298"}],"wp:attachment":[{"href":"https:\/\/www.friedensplattform.at\/index.php?rest_route=%2Fwp%2Fv2%2Fmedia&parent=4297"}],"wp:term":[{"taxonomy":"category","embeddable":true,"href":"https:\/\/www.friedensplattform.at\/index.php?rest_route=%2Fwp%2Fv2%2Fcategories&post=4297"},{"taxonomy":"post_tag","embeddable":true,"href":"https:\/\/www.friedensplattform.at\/index.php?rest_route=%2Fwp%2Fv2%2Ftags&post=4297"}],"curies":[{"name":"wp","href":"https:\/\/api.w.org\/{rel}","templated":true}]}}