{"id":4300,"date":"2017-12-28T13:45:41","date_gmt":"2017-12-28T13:45:41","guid":{"rendered":"http:\/\/www.friedensplattform.at\/?p=4300"},"modified":"2018-01-12T15:06:53","modified_gmt":"2018-01-12T15:06:53","slug":"heinz-fischer-jerusalem-ist-heilig","status":"publish","type":"post","link":"https:\/\/www.friedensplattform.at\/?p=4300","title":{"rendered":"Heinz Fischer: Jerusalem ist heilig"},"content":{"rendered":"<div class=\"em_cnt_middle\">\n<div id=\"em_cnt_artikel\" class=\"em_cnt_artikelansicht ui-tabs-panel ui-widget-content ui-corner-bottom\">\n<div class=\"gplusone dummy_btn\"><\/div>\n<div id=\"em_artikelansicht_artikel\">\n<div id=\"em_article_sidebar_container\"><\/div>\n<div class=\"em_artikelansicht_zusatzcontent em_right em_cnt_zoom\">\n<div class=\"em_zusatz_box_container\">\n<div class=\"em_zusatz_box\">\n<div class=\"em_zusatz_box_body\">\n<p><img loading=\"lazy\" decoding=\"async\" class=\"em_article_image\" title=\"\" src=\"http:\/\/www.wienerzeitung.at\/_em_daten\/_cache\/image\/1xS2TRCfeMscDUejP4i7n1SwUZmVtwkVymX3rFY6bXgmMVgK4NdNOuY1dXsWglsvUlt5Vr4ITxQS1MENGZn0lq1iBTA6AaXBkH\/171115-1523948-0900-112849-heinz-fischer.jpg\" alt=\"\" width=\"195\" height=\"234\" \/><\/p>\n<div class=\"em_clear\"><\/div>\n<div class=\"em_clear\"><\/div>\n<\/div>\n<\/div>\n<\/div>\n<\/div>\n<p class=\"em_text\">Wien. Ich bin traurig und zornig dar\u00fcber, dass ein US-Pr\u00e4sident, der eine Leitfigur der demokratischen und an Menschenrechten orientierten Welt sein sollte, so leichtfertig und bedenkenlos eine weitreichende, einseitige, v\u00f6lkerrechtswidrige, mit Freunden und Verb\u00fcndeten nicht abgesprochene und im Sicherheitsrat der Vereinten Nationen rundum abgelehnte Entscheidung trifft, wie das bei der Anerkennung Jerusalems als Hauptstadt von Israel und der angek\u00fcndigten Verlegung der amerikanischen Botschaft von Tel Aviv nach Jerusalem der Fall ist.<\/p>\n<\/div>\n<\/div>\n<\/div>\n<p><!--more--><\/p>\n<p class=\"em_text\">Es ist richtig, dass diese Ank\u00fcndigung zun\u00e4chst keine gro\u00dfen faktischen Ver\u00e4nderungen zur Folge haben wird.<\/p>\n<p class=\"em_text\">Vielleicht wird Pr\u00e4sident Trump gar nicht mehr im Amt sein, wenn ein k\u00fcnftiger US-Botschafter zum ersten Mal zu einem Empfang in eine amerikanische Botschaft in Jerusalem einl\u00e4dt.<\/p>\n<p class=\"em_text\">Umso gravierender sind aber die politischen und psychologischen Auswirkungen einer Entscheidung, die auf die Rechte und auf die Lebensrealit\u00e4t der Pal\u00e4stinenser keine R\u00fccksicht nimmt. Sie f\u00fchrt nicht zum Frieden hin, sondern weg vom Frieden.<\/p>\n<div class=\"em_artikelansicht_zusatzcontent em_left em_cnt_zoom\">\n<div class=\"em_zusatz_box_container\">\n<div class=\"em_zusatz_box\">\n<div class=\"em_zusatz_box_body\">\n<p><img decoding=\"async\" class=\"em_article_image\" title=\"Jerusalems Status - hier Blick auf die Klagemauer und die Al-Aksa Moschee - muss durch Verhandlungen gel\u00f6st werden.\" src=\"http:\/\/www.wienerzeitung.at\/_em_daten\/_cache\/image\/1xS2TRCfeMscDUejP4i7n1SwUZmVtwkVymuAxIqIKTxCpf1hRMgeOhWbhVa-pszTK0LSyTFJoAcr_Ol8UypC-dG9rRlx1Gu_AZ\/171220-1711-948-0900-118419-211212jerusalem.jpg\" alt=\"Jerusalems Status - hier Blick auf die Klagemauer und die Al-Aksa Moschee - muss durch Verhandlungen gel\u00f6st werden.\" \/><\/p>\n<div class=\"em_clear\"><\/div>\n<p><span class=\"em_cnt_caption em_cnt_zoom_visible em_left\">Jerusalems Status &#8211; hier Blick auf die Klagemauer und die Al-Aksa Moschee &#8211; muss durch Verhandlungen gel\u00f6st werden.<\/span><span class=\"em_cnt_copyright em_cnt_zoom_visible em_right\">\u00a9 afp\/Tomas Coex<\/span><\/p>\n<div class=\"em_clear\"><\/div>\n<\/div>\n<\/div>\n<\/div>\n<\/div>\n<p class=\"em_text\">Die Spannungen zwischen Israelis und Pal\u00e4stinensern sind seit Jahrzehnten ohnehin st\u00e4ndig gewachsen. Eine entsetzlich gro\u00dfe Zahl an Todesopfern auf beiden Seiten ist die Folge dieser Spannungen, wobei die Zahl der get\u00f6teten Pal\u00e4stinenser um ein Vielfaches h\u00f6her ist als die Zahl der get\u00f6teten Israelis. Und jedes einzelne Opfer ist um ein Opfer zu viel.<\/p>\n<p class=\"em_text\">Es wurden in der Vergangenheit auch ernsthafte und verantwortungsvolle Schritte zur Herbeif\u00fchrung eines Kompromisses unternommen, und als im Oktober 1994 Jitzchak Rabin, Shimon Peres und Jassir Arafat gemeinsam den Friedensnobelpreis erhielten, haben Optimisten auf eine L\u00f6sung des tief verwurzelten Konfliktes zwischen Israelis und Pal\u00e4stinensern gehofft.<\/p>\n<p class=\"em_text\"><span class=\"zt\">Jerusalem ist f\u00fcr Juden, Christen und Moslems heilig<\/span><br \/>\nEs geht um einen Konflikt, der ganz weit in die Geschichte zur\u00fcckreicht. Im Verlaufe der Jahrhunderte, bzw. Jahrtausende war das Heilige Land, bzw. Jerusalem sowohl f\u00fcr Juden, als auch f\u00fcr Christen, als auch f\u00fcr Moslems heilig.<\/p>\n<p class=\"em_text\">F\u00fcr die Muslime ist Jerusalem die Heilige Stadt, weil sie in den Anf\u00e4ngen des Islams die Richtung des Gebets bestimmte. Hier hatte Mohammed seine n\u00e4chtlichen Gottesvisionen. Die muslimische Herrschaft \u00fcber Jerusalem dauerte 12 Jahrhunderte, das hei\u00dft l\u00e4nger als die j\u00fcdische, r\u00f6mische, persische oder christliche Herrschaft.<\/p>\n<p class=\"em_text\">Die Juden wiederum glauben, dass Abraham im gelobten Land gelebt hat, und K\u00f6nig David machte nach der R\u00fcckkehr der Juden aus der \u00e4gyptischen Gefangenschaft Jerusalem zur Hauptstadt des ersten K\u00f6nigreiches, wo sein Sohn, der weise K\u00f6nig Salomon, den ersten Tempel erbaute.<\/p>\n<p class=\"em_text\">\u00dcber die Rolle, die Jerusalem f\u00fcr das Christentum spielt, muss hier nicht n\u00e4her berichtet werden.<\/p>\n<p class=\"em_text\">Es ist eine Tatsache, dass dieser f\u00fcr mehrere Religionen heilige Ort besonders im vergangenen Jahrhundert zu einem Brennpunkt dramatischer Entwicklungen wurde.<\/p>\n<p class=\"em_text\">Vor genau 100 Jahren, im November 1917, wurde in der sogenannten Balfour-Erkl\u00e4rung der aufkommenden zionistischen Bewegung vom britischen Au\u00dfenminister Balfour eine &#8222;nationale Heimst\u00e4tte&#8220; in Pal\u00e4stina versprochen. Auf der Pariser Friedenskonferenz von 1919 wurde im Faisal-Weizmann-Abkommen ein &#8222;j\u00fcdischer Staat in Pal\u00e4stina&#8220; in Aussicht genommen, was bei der arabischen Bev\u00f6lkerung Pal\u00e4stinas auf Widerstand stie\u00df und zu Unruhen f\u00fchrte. Allerdings trat das Faisal-Weizmann-Abkommen nie in Kraft.<\/p>\n<p class=\"em_text\">Vor 80 Jahren (1937) machte eine britische Kommission den Vorschlag, Pal\u00e4stina in einen kleineren j\u00fcdischen und einen gr\u00f6\u00dferen arabischen Teil aufzuteilen, was von den Arabern aber heftig abgelehnt wurde. Wahrscheinlich ein tragischer Fehler.<\/p>\n<p class=\"em_text\">Das W\u00fcten der Nazis gegen die Juden veranlasste viele europ\u00e4ische Emigranten, sich in Pal\u00e4stina anzusiedeln, und der Druck zur Errichtung eines eigenen j\u00fcdischen Staates wurde immer gr\u00f6\u00dfer.<\/p>\n<p class=\"em_text\">Vor genau 70 Jahren (1947) beschloss die UNO-Vollversammlung mit damals 33 gegen 13 Stimmen einen Teilungsplan, der aber von der Arabischen Liga abgelehnt wurde. Als im Mai 1948 der israelische Staat gegr\u00fcndet wurde und seine Unabh\u00e4ngigkeit erkl\u00e4rte, kam es zum Krieg mit f\u00fcnf arabischen Staaten, aus dem Israel als Sieger hervorging.<\/p>\n<p class=\"em_text\">Hunderttausende Fl\u00fcchtlinge waren die Folge und weitere Kriege folgten, wie zum Beispiel der Sechs-Tage-Krieg des Jahres 1967 oder der Einmarsch Israels in den S\u00fcden des Libanon im M\u00e4rz 1978.<\/p>\n<p class=\"em_text\"><span class=\"zt\">Kurze Hoffnung auf L\u00f6sung<br \/>\nnach Friedensnobelpreis<\/span><br \/>\nEs ist unm\u00f6glich, alle Einzelheiten der erbitterten Konfrontationen in den folgenden Jahren nachzuzeichnen, wobei es aber auch Phasen gab, in denen eine friedliche L\u00f6sung in Reichweite zu liegen schien, wie zum Beispiel w\u00e4hrend der geheimen Friedensverhandlungen zwischen Israel und der PLO in Oslo im Jahr 1993.<\/p>\n<p class=\"em_text\">Als Jitzchak Rabin, Shimon Peres und Jassir Arafat ein Jahr sp\u00e4ter (1994) den Friedensnobelpreis erhielten, keimte nochmals Hoffnung auf eine friedliche L\u00f6sung auf. Aber ein wirklicher Durchbruch ist bisher nicht gelungen.<\/p>\n<p class=\"em_text\">Im Gegenteil. Auf pal\u00e4stinensischer Seite kam es zur Spaltung zwischen Fatah und der radikaleren Hamas, nicht zuletzt wegen der Frage der Akzeptanz des Friedensprozesses, und die israelische Regierung bzw. die Mehrheit im israelischen Parlament r\u00fcckte immer weiter nach rechts. Ma\u00dfnahmen der Besatzungsmacht und militanter Widerstand dagegen, unter anderem Raketenangriffe aus dem Gazastreifen, schaukeln sich wechselseitig hoch.<\/p>\n<p class=\"em_text\">Die fortgesetzte israelische Siedlungst\u00e4tigkeit auf pal\u00e4stinensischem Gebiet untergr\u00e4bt alle Friedenschancen.<\/p>\n<p class=\"em_text\">In vielen L\u00e4ndern Europas fragt man sich, wieso gro\u00dfe Teile der j\u00fcdischen Bev\u00f6lkerung und der Politiker Israels, deren Vorfahren im Verlaufe der Geschichte so viel Leid durch Unterdr\u00fcckung, Feindseligkeit und Gewalt bis zum Holocaust erfahren haben, so wenig Verst\u00e4ndnis f\u00fcr die dramatischen Lebensbedingungen der pal\u00e4stinensischen Bev\u00f6lkerung und deren Wunsch nach einer eigenen Heimst\u00e4tte innerhalb von Grenzen, die nicht von fremden Soldaten nach Belieben \u00fcberschritten werden, haben. In dieser Situation ist es die Aufgabe der Vereinten Nationen und der V\u00f6lkergemeinschaft, gemeinsam auf die Einhaltung von Resolutionen der Vereinten Nationen zu dr\u00e4ngen, Gewaltanwendung und Vernichtung von Menschenleben von beiden Seiten zu verhindern und zu verurteilen, die Siedlungst\u00e4tigkeit auf fremdem Territorium zu unterbinden, die von nahezu allen Mitgliedern der Vereinten Nationen vertretene Zweistaatentheorie mit Leben zu erf\u00fcllen und Friedensgarantien f\u00fcr sichere Grenzen zwischen Israel und einem pal\u00e4stinensischen Staat auszuarbeiten. Die einseitige Unterst\u00fctzung Israels durch die USA, die einseitige Anerkennung Jerusalems als Hauptstadt von Israel, obwohl eine endg\u00fcltige Grenzziehung zwischen den beiden Einflusssph\u00e4ren (Staaten) noch nicht erfolgt ist, r\u00fcckt eine Friedensl\u00f6sung in immer weitere Ferne.<\/p>\n<p class=\"em_text\"><span class=\"zt\">Europa muss mehr Verantwortung \u00fcbernehmen<\/span><br \/>\nDer amerikanische Pr\u00e4sident wird als fairer und von beiden Seiten anerkannter Vermittler f\u00fcr eine gerechte L\u00f6sung wohl nicht mehr in Frage kommen.<\/p>\n<p class=\"em_text\">Ob Europa will oder nicht: Es wird mehr und zus\u00e4tzliche Verantwortung f\u00fcr eine L\u00f6sung \u00fcbernehmen m\u00fcssen, deren Inhalt im Prinzip auf der Hand liegt.<\/p>\n<p class=\"em_text\">Denn sowohl Israel als auch die Pal\u00e4stinenser haben Anspruch auf ein Leben in Frieden und Sicherheit, in einem lebensf\u00e4higen Staat und auf der Basis internationalen Rechtes.<\/p>\n<p class=\"em_text\">Die internationale Gemeinschaft ist gefordert, ein fairer und unparteiischer Partner f\u00fcr die Erreichung dieser Ziele zu sein.<\/p>\n<p class=\"em_text\">Gastkommentar<\/p>\n<p class=\"em_text\">Heinz Fischer<\/p>\n<p class=\"em_text\">wurde 1938 in Graz geboren. Von 2004 bis 2016 war er \u00f6sterreichischer Bundespr\u00e4sident. Davor war er ab 1971 Abgeordneter der SP\u00d6 zum Nationalrat (ab 1975 Klubobmann), von 1983 bis 1987 Wissenschaftsminister und von 1990 bis 2004 zun\u00e4chst Erster und dann Zweiter Nationalratspr\u00e4sident. Der Bundespr\u00e4sident a. D. wird auch im kommenden Jahr in der &#8222;Wiener Zeitung&#8220; schreiben.<\/p>\n<p>Quelle: Wiener Zeitung vom 21.12.2017<\/p>\n<p>&nbsp;<\/p>\n<div class=\"em_modul_box\"><\/div>\n<div id=\"em_article_comments\" class=\"em_ressort_headline\"><\/div>\n","protected":false},"excerpt":{"rendered":"<p>Wien. Ich bin traurig und zornig dar\u00fcber, dass ein US-Pr\u00e4sident, der eine Leitfigur der demokratischen und an Menschenrechten orientierten Welt sein sollte, so leichtfertig und bedenkenlos eine weitreichende, einseitige, v\u00f6lkerrechtswidrige, mit Freunden und Verb\u00fcndeten nicht abgesprochene und im Sicherheitsrat der Vereinten Nationen rundum abgelehnte Entscheidung trifft, wie das bei der Anerkennung Jerusalems als Hauptstadt von &hellip; <a href=\"https:\/\/www.friedensplattform.at\/?p=4300\" class=\"more-link\"><span class=\"screen-reader-text\">Heinz Fischer: Jerusalem ist heilig<\/span> weiterlesen <span class=\"meta-nav\">&rarr;<\/span><\/a><\/p>\n","protected":false},"author":2,"featured_media":0,"comment_status":"open","ping_status":"open","sticky":false,"template":"","format":"standard","meta":{"footnotes":""},"categories":[1],"tags":[],"class_list":["post-4300","post","type-post","status-publish","format-standard","hentry","category-allgemein"],"_links":{"self":[{"href":"https:\/\/www.friedensplattform.at\/index.php?rest_route=\/wp\/v2\/posts\/4300","targetHints":{"allow":["GET"]}}],"collection":[{"href":"https:\/\/www.friedensplattform.at\/index.php?rest_route=\/wp\/v2\/posts"}],"about":[{"href":"https:\/\/www.friedensplattform.at\/index.php?rest_route=\/wp\/v2\/types\/post"}],"author":[{"embeddable":true,"href":"https:\/\/www.friedensplattform.at\/index.php?rest_route=\/wp\/v2\/users\/2"}],"replies":[{"embeddable":true,"href":"https:\/\/www.friedensplattform.at\/index.php?rest_route=%2Fwp%2Fv2%2Fcomments&post=4300"}],"version-history":[{"count":2,"href":"https:\/\/www.friedensplattform.at\/index.php?rest_route=\/wp\/v2\/posts\/4300\/revisions"}],"predecessor-version":[{"id":4323,"href":"https:\/\/www.friedensplattform.at\/index.php?rest_route=\/wp\/v2\/posts\/4300\/revisions\/4323"}],"wp:attachment":[{"href":"https:\/\/www.friedensplattform.at\/index.php?rest_route=%2Fwp%2Fv2%2Fmedia&parent=4300"}],"wp:term":[{"taxonomy":"category","embeddable":true,"href":"https:\/\/www.friedensplattform.at\/index.php?rest_route=%2Fwp%2Fv2%2Fcategories&post=4300"},{"taxonomy":"post_tag","embeddable":true,"href":"https:\/\/www.friedensplattform.at\/index.php?rest_route=%2Fwp%2Fv2%2Ftags&post=4300"}],"curies":[{"name":"wp","href":"https:\/\/api.w.org\/{rel}","templated":true}]}}