{"id":4303,"date":"2018-01-05T07:59:04","date_gmt":"2018-01-05T07:59:04","guid":{"rendered":"http:\/\/www.friedensplattform.at\/?p=4303"},"modified":"2018-01-05T07:59:04","modified_gmt":"2018-01-05T07:59:04","slug":"palaestina-und-israel","status":"publish","type":"post","link":"https:\/\/www.friedensplattform.at\/?p=4303","title":{"rendered":"PAL\u00c4STINA UND ISRAEL"},"content":{"rendered":"<p><strong>(UN)HEILIGES LAND?<\/strong><strong>\u00a0<\/strong><\/p>\n<p><strong>Christine H\u00f6dl \u00fcber ihren<\/strong><\/p>\n<p><strong>Friedenseinsatz in Pal\u00e4stina<\/strong><\/p>\n<p>Historische Einleitung: Franz S\u00f6lkner<\/p>\n<p><strong>Thal, Am Lindenhof 1 \u2013 21 Gemeinschaftsraum<\/strong><\/p>\n<p><strong>Mittwoch, 10. J\u00e4nner 2018, 19:00<\/strong><\/p>\n<p><a href=\"http:\/\/www.friedensplattform.at\/wp-content\/uploads\/2018\/01\/Flyer-Vortrag-H\u00f6dl-ThaL.odt\">Flyer Vortrag H\u00f6dl ThaL<\/a><\/p>\n","protected":false},"excerpt":{"rendered":"<p>(UN)HEILIGES LAND?\u00a0 Christine H\u00f6dl \u00fcber ihren Friedenseinsatz in Pal\u00e4stina Historische Einleitung: Franz S\u00f6lkner Thal, Am Lindenhof 1 \u2013 21 Gemeinschaftsraum Mittwoch, 10. J\u00e4nner 2018, 19:00 Flyer Vortrag H\u00f6dl ThaL<\/p>\n","protected":false},"author":2,"featured_media":0,"comment_status":"open","ping_status":"open","sticky":false,"template":"","format":"standard","meta":{"footnotes":""},"categories":[1],"tags":[],"class_list":["post-4303","post","type-post","status-publish","format-standard","hentry","category-allgemein"],"_links":{"self":[{"href":"https:\/\/www.friedensplattform.at\/index.php?rest_route=\/wp\/v2\/posts\/4303","targetHints":{"allow":["GET"]}}],"collection":[{"href":"https:\/\/www.friedensplattform.at\/index.php?rest_route=\/wp\/v2\/posts"}],"about":[{"href":"https:\/\/www.friedensplattform.at\/index.php?rest_route=\/wp\/v2\/types\/post"}],"author":[{"embeddable":true,"href":"https:\/\/www.friedensplattform.at\/index.php?rest_route=\/wp\/v2\/users\/2"}],"replies":[{"embeddable":true,"href":"https:\/\/www.friedensplattform.at\/index.php?rest_route=%2Fwp%2Fv2%2Fcomments&post=4303"}],"version-history":[{"count":1,"href":"https:\/\/www.friedensplattform.at\/index.php?rest_route=\/wp\/v2\/posts\/4303\/revisions"}],"predecessor-version":[{"id":4305,"href":"https:\/\/www.friedensplattform.at\/index.php?rest_route=\/wp\/v2\/posts\/4303\/revisions\/4305"}],"wp:attachment":[{"href":"https:\/\/www.friedensplattform.at\/index.php?rest_route=%2Fwp%2Fv2%2Fmedia&parent=4303"}],"wp:term":[{"taxonomy":"category","embeddable":true,"href":"https:\/\/www.friedensplattform.at\/index.php?rest_route=%2Fwp%2Fv2%2Fcategories&post=4303"},{"taxonomy":"post_tag","embeddable":true,"href":"https:\/\/www.friedensplattform.at\/index.php?rest_route=%2Fwp%2Fv2%2Ftags&post=4303"}],"curies":[{"name":"wp","href":"https:\/\/api.w.org\/{rel}","templated":true}]}}