{"id":431,"date":"2008-12-06T22:39:07","date_gmt":"2008-12-06T20:39:07","guid":{"rendered":"http:\/\/www.luxorbis.org\/friedensplattform.at\/?p=431"},"modified":"2008-12-06T22:39:07","modified_gmt":"2008-12-06T20:39:07","slug":"artikel-in-der-jungen-welt-mit-der-nato-nach-palastina","status":"publish","type":"post","link":"https:\/\/www.friedensplattform.at\/?p=431","title":{"rendered":"Artikel in der Jungen Welt: Mit der NATO nach Pal&#228;stina"},"content":{"rendered":"<h4>Newsweek berichtet \u00fcber Obama-Plan zum Milit\u00e4reinsatz. Zustimmung aus Israel<\/h4>\n<p><em>Von Rainer Rupp<\/em><\/p>\n<p>Der zuk\u00fcnftige US-Pr\u00e4sident Barack Obama erw\u00e4gt einen Einsatz von NATO-Truppen im Westjordanland. Dieses zumindest berichtet das US-Nachrichtenmagazin Newsweek in seiner j\u00fcngsten Ausgabe (5.12.).<\/p>\n<p><a title=\"Junge Welt\" href=\"http:\/\/www.jungewelt.de\/2008\/12-06\/042.php\" target=\"_blank\">Weiterlesen in der Jungen Welt<\/a><\/p>\n","protected":false},"excerpt":{"rendered":"<p>Newsweek berichtet \u00fcber Obama-Plan zum Milit\u00e4reinsatz. Zustimmung aus Israel Von Rainer Rupp Der zuk\u00fcnftige US-Pr\u00e4sident Barack Obama erw\u00e4gt einen Einsatz von NATO-Truppen im Westjordanland. Dieses zumindest berichtet das US-Nachrichtenmagazin Newsweek in seiner j\u00fcngsten Ausgabe (5.12.). Weiterlesen in der Jungen Welt<\/p>\n","protected":false},"author":1,"featured_media":0,"comment_status":"open","ping_status":"open","sticky":false,"template":"","format":"standard","meta":{"footnotes":""},"categories":[5],"tags":[],"class_list":["post-431","post","type-post","status-publish","format-standard","hentry","category-arabischer-raum"],"_links":{"self":[{"href":"https:\/\/www.friedensplattform.at\/index.php?rest_route=\/wp\/v2\/posts\/431","targetHints":{"allow":["GET"]}}],"collection":[{"href":"https:\/\/www.friedensplattform.at\/index.php?rest_route=\/wp\/v2\/posts"}],"about":[{"href":"https:\/\/www.friedensplattform.at\/index.php?rest_route=\/wp\/v2\/types\/post"}],"author":[{"embeddable":true,"href":"https:\/\/www.friedensplattform.at\/index.php?rest_route=\/wp\/v2\/users\/1"}],"replies":[{"embeddable":true,"href":"https:\/\/www.friedensplattform.at\/index.php?rest_route=%2Fwp%2Fv2%2Fcomments&post=431"}],"version-history":[{"count":0,"href":"https:\/\/www.friedensplattform.at\/index.php?rest_route=\/wp\/v2\/posts\/431\/revisions"}],"wp:attachment":[{"href":"https:\/\/www.friedensplattform.at\/index.php?rest_route=%2Fwp%2Fv2%2Fmedia&parent=431"}],"wp:term":[{"taxonomy":"category","embeddable":true,"href":"https:\/\/www.friedensplattform.at\/index.php?rest_route=%2Fwp%2Fv2%2Fcategories&post=431"},{"taxonomy":"post_tag","embeddable":true,"href":"https:\/\/www.friedensplattform.at\/index.php?rest_route=%2Fwp%2Fv2%2Ftags&post=431"}],"curies":[{"name":"wp","href":"https:\/\/api.w.org\/{rel}","templated":true}]}}