{"id":433,"date":"2008-12-08T10:12:05","date_gmt":"2008-12-08T08:12:05","guid":{"rendered":"http:\/\/www.luxorbis.org\/friedensplattform.at\/?p=433"},"modified":"2008-12-08T10:12:05","modified_gmt":"2008-12-08T08:12:05","slug":"artikel-der-ag-friedensforschung-die-veranderung-der-weltordnung","status":"publish","type":"post","link":"https:\/\/www.friedensplattform.at\/?p=433","title":{"rendered":"Artikel der AG Friedensforschung: Die Ver&#228;nderung der Weltordnung"},"content":{"rendered":"<p><em>Von Elmar Altvater<\/em><\/p>\n<p>Man kann sich aussuchen, was gr\u00f6\u00dferen Schrecken verbreitet: die astronomischen Verluste durch die globale Finanzkrise oder die ebenfalls astronomischen Kosten des Klimawandels. Der ist ebenso bittere Realit\u00e4t wie die Finanz- und Wirtschaftskrise. Wenn man au\u00dferdem in Rechnung stellt, dass nach FAO-Angaben 923 Millionen Menschen in der Welt Hunger leiden und dass die Energiekrise wegen der Begrenztheit der fossilen Ressourcen (Peakoil) keineswegs vor\u00fcber ist, auch wenn der \u00d6lpreis derzeit sinkt, versteht man, dass selbst das einer kritisch-emanzipatorischen Weltsicht unverd\u00e4chtige Weltwirtschaftsforum von Davos besorgt \u00bbglobale Risiken\u00ab ausmacht, die die menschliche Sicherheit gef\u00e4hrden. Die Finanzkrise ist nur Teil einer Systemkrise der kapitalistischen Produktionsweise, die das Potential hat, die Weltordnung zu ver\u00e4ndern.<\/p>\n<p><a title=\"Uni Kassel\" href=\"http:\/\/www.uni-kassel.de\/fb5\/frieden\/themen\/Weltordnung\/altvater.html\" target=\"_blank\">Weiterlesen auf den Seiten der Uni Kassel<\/a><\/p>\n","protected":false},"excerpt":{"rendered":"<p>Von Elmar Altvater Man kann sich aussuchen, was gr\u00f6\u00dferen Schrecken verbreitet: die astronomischen Verluste durch die globale Finanzkrise oder die ebenfalls astronomischen Kosten des Klimawandels. Der ist ebenso bittere Realit\u00e4t wie die Finanz- und Wirtschaftskrise. Wenn man au\u00dferdem in Rechnung stellt, dass nach FAO-Angaben 923 Millionen Menschen in der Welt Hunger leiden und dass die &hellip; <a href=\"https:\/\/www.friedensplattform.at\/?p=433\" class=\"more-link\"><span class=\"screen-reader-text\">Artikel der AG Friedensforschung: Die Ver&#228;nderung der Weltordnung<\/span> weiterlesen <span class=\"meta-nav\">&rarr;<\/span><\/a><\/p>\n","protected":false},"author":1,"featured_media":0,"comment_status":"open","ping_status":"open","sticky":false,"template":"","format":"standard","meta":{"footnotes":""},"categories":[1],"tags":[],"class_list":["post-433","post","type-post","status-publish","format-standard","hentry","category-allgemein"],"_links":{"self":[{"href":"https:\/\/www.friedensplattform.at\/index.php?rest_route=\/wp\/v2\/posts\/433","targetHints":{"allow":["GET"]}}],"collection":[{"href":"https:\/\/www.friedensplattform.at\/index.php?rest_route=\/wp\/v2\/posts"}],"about":[{"href":"https:\/\/www.friedensplattform.at\/index.php?rest_route=\/wp\/v2\/types\/post"}],"author":[{"embeddable":true,"href":"https:\/\/www.friedensplattform.at\/index.php?rest_route=\/wp\/v2\/users\/1"}],"replies":[{"embeddable":true,"href":"https:\/\/www.friedensplattform.at\/index.php?rest_route=%2Fwp%2Fv2%2Fcomments&post=433"}],"version-history":[{"count":0,"href":"https:\/\/www.friedensplattform.at\/index.php?rest_route=\/wp\/v2\/posts\/433\/revisions"}],"wp:attachment":[{"href":"https:\/\/www.friedensplattform.at\/index.php?rest_route=%2Fwp%2Fv2%2Fmedia&parent=433"}],"wp:term":[{"taxonomy":"category","embeddable":true,"href":"https:\/\/www.friedensplattform.at\/index.php?rest_route=%2Fwp%2Fv2%2Fcategories&post=433"},{"taxonomy":"post_tag","embeddable":true,"href":"https:\/\/www.friedensplattform.at\/index.php?rest_route=%2Fwp%2Fv2%2Ftags&post=433"}],"curies":[{"name":"wp","href":"https:\/\/api.w.org\/{rel}","templated":true}]}}