{"id":4345,"date":"2018-01-12T19:06:46","date_gmt":"2018-01-12T19:06:46","guid":{"rendered":"http:\/\/www.friedensplattform.at\/?p=4345"},"modified":"2018-01-12T19:07:22","modified_gmt":"2018-01-12T19:07:22","slug":"tunesien-in-aufruhr","status":"publish","type":"post","link":"https:\/\/www.friedensplattform.at\/?p=4345","title":{"rendered":"Tunesien in Aufruhr"},"content":{"rendered":"<h2>Landesweite Massenproteste gegen Preissteigerungen und Steuererh\u00f6hungen<\/h2>\n<address>Von Sofian Philip Naceur<\/address>\n<address><img loading=\"lazy\" decoding=\"async\" id=\"img103872\" class=\"\" src=\"https:\/\/www.jungewelt.de\/img\/700\/103872.jpg\" alt=\"Tunisia_Protests_55887437.jpg\" width=\"483\" height=\"292\" \/><\/p>\n<div class=\"Title\">Auf den Stra\u00dfen von Tebourba wird am 9. Januar gegen die Sparma\u00dfnahmen der Regierung demonstriert<\/div>\n<div class=\"Copyright\">Foto: Anis Ben Ali\/ AP Photo<\/div>\n<\/address>\n<div><a href=\"https:\/\/www.jungewelt.de\/artikel\/325043.tunesien-in-aufruhr.html\">weiterlesen<\/a><\/div>\n","protected":false},"excerpt":{"rendered":"<p>Landesweite Massenproteste gegen Preissteigerungen und Steuererh\u00f6hungen Von Sofian Philip Naceur Auf den Stra\u00dfen von Tebourba wird am 9. Januar gegen die Sparma\u00dfnahmen der Regierung demonstriert Foto: Anis Ben Ali\/ AP Photo weiterlesen<\/p>\n","protected":false},"author":6,"featured_media":0,"comment_status":"open","ping_status":"open","sticky":false,"template":"","format":"standard","meta":{"footnotes":""},"categories":[2],"tags":[],"class_list":["post-4345","post","type-post","status-publish","format-standard","hentry","category-afrikanischer-raum"],"_links":{"self":[{"href":"https:\/\/www.friedensplattform.at\/index.php?rest_route=\/wp\/v2\/posts\/4345","targetHints":{"allow":["GET"]}}],"collection":[{"href":"https:\/\/www.friedensplattform.at\/index.php?rest_route=\/wp\/v2\/posts"}],"about":[{"href":"https:\/\/www.friedensplattform.at\/index.php?rest_route=\/wp\/v2\/types\/post"}],"author":[{"embeddable":true,"href":"https:\/\/www.friedensplattform.at\/index.php?rest_route=\/wp\/v2\/users\/6"}],"replies":[{"embeddable":true,"href":"https:\/\/www.friedensplattform.at\/index.php?rest_route=%2Fwp%2Fv2%2Fcomments&post=4345"}],"version-history":[{"count":1,"href":"https:\/\/www.friedensplattform.at\/index.php?rest_route=\/wp\/v2\/posts\/4345\/revisions"}],"predecessor-version":[{"id":4346,"href":"https:\/\/www.friedensplattform.at\/index.php?rest_route=\/wp\/v2\/posts\/4345\/revisions\/4346"}],"wp:attachment":[{"href":"https:\/\/www.friedensplattform.at\/index.php?rest_route=%2Fwp%2Fv2%2Fmedia&parent=4345"}],"wp:term":[{"taxonomy":"category","embeddable":true,"href":"https:\/\/www.friedensplattform.at\/index.php?rest_route=%2Fwp%2Fv2%2Fcategories&post=4345"},{"taxonomy":"post_tag","embeddable":true,"href":"https:\/\/www.friedensplattform.at\/index.php?rest_route=%2Fwp%2Fv2%2Ftags&post=4345"}],"curies":[{"name":"wp","href":"https:\/\/api.w.org\/{rel}","templated":true}]}}