{"id":4379,"date":"2018-01-21T10:53:30","date_gmt":"2018-01-21T10:53:30","guid":{"rendered":"http:\/\/www.friedensplattform.at\/?p=4379"},"modified":"2018-01-21T10:53:30","modified_gmt":"2018-01-21T10:53:30","slug":"alltag-im-palaestinensischen-fluechtlingslager","status":"publish","type":"post","link":"https:\/\/www.friedensplattform.at\/?p=4379","title":{"rendered":"Alltag im pal\u00e4stinensischen Fl\u00fcchtlingslager"},"content":{"rendered":"<p><a href=\"http:\/\/www.friedensplattform.at\/wp-content\/uploads\/2018\/01\/T\u00f6dliche-Razzia-im-Fl\u00fcchtlingslager-von-Jenin.pdf\">T\u00f6dliche Razzia im Fl\u00fcchtlingslager von Jenin<\/a><\/p>\n<p><strong>Auf der Suche nach mutmasslichen M\u00f6rder eines israelischen Siedlers wird ein Pal\u00e4stinenser von den israelischen Streitkr\u00e4ften get\u00f6tet <\/strong><\/p>\n","protected":false},"excerpt":{"rendered":"<p>T\u00f6dliche Razzia im Fl\u00fcchtlingslager von Jenin Auf der Suche nach mutmasslichen M\u00f6rder eines israelischen Siedlers wird ein Pal\u00e4stinenser von den israelischen Streitkr\u00e4ften get\u00f6tet<\/p>\n","protected":false},"author":5,"featured_media":0,"comment_status":"open","ping_status":"open","sticky":false,"template":"","format":"standard","meta":{"footnotes":""},"categories":[3,18],"tags":[32,35,29,34,30],"class_list":["post-4379","post","type-post","status-publish","format-standard","hentry","category-antimilitarismus","category-palaestina-solidaritaet","tag-besetzung","tag-hauszerstoerungen","tag-israel","tag-kolonialismus","tag-palaestina"],"_links":{"self":[{"href":"https:\/\/www.friedensplattform.at\/index.php?rest_route=\/wp\/v2\/posts\/4379","targetHints":{"allow":["GET"]}}],"collection":[{"href":"https:\/\/www.friedensplattform.at\/index.php?rest_route=\/wp\/v2\/posts"}],"about":[{"href":"https:\/\/www.friedensplattform.at\/index.php?rest_route=\/wp\/v2\/types\/post"}],"author":[{"embeddable":true,"href":"https:\/\/www.friedensplattform.at\/index.php?rest_route=\/wp\/v2\/users\/5"}],"replies":[{"embeddable":true,"href":"https:\/\/www.friedensplattform.at\/index.php?rest_route=%2Fwp%2Fv2%2Fcomments&post=4379"}],"version-history":[{"count":9,"href":"https:\/\/www.friedensplattform.at\/index.php?rest_route=\/wp\/v2\/posts\/4379\/revisions"}],"predecessor-version":[{"id":4390,"href":"https:\/\/www.friedensplattform.at\/index.php?rest_route=\/wp\/v2\/posts\/4379\/revisions\/4390"}],"wp:attachment":[{"href":"https:\/\/www.friedensplattform.at\/index.php?rest_route=%2Fwp%2Fv2%2Fmedia&parent=4379"}],"wp:term":[{"taxonomy":"category","embeddable":true,"href":"https:\/\/www.friedensplattform.at\/index.php?rest_route=%2Fwp%2Fv2%2Fcategories&post=4379"},{"taxonomy":"post_tag","embeddable":true,"href":"https:\/\/www.friedensplattform.at\/index.php?rest_route=%2Fwp%2Fv2%2Ftags&post=4379"}],"curies":[{"name":"wp","href":"https:\/\/api.w.org\/{rel}","templated":true}]}}