{"id":438,"date":"2008-12-13T19:49:14","date_gmt":"2008-12-13T17:49:14","guid":{"rendered":"http:\/\/www.luxorbis.org\/friedensplattform.at\/?p=438"},"modified":"2008-12-13T19:49:14","modified_gmt":"2008-12-13T17:49:14","slug":"weltsozialforum-in-belem-brasilien-271-12-2009","status":"publish","type":"post","link":"https:\/\/www.friedensplattform.at\/?p=438","title":{"rendered":"WELTSOZIALFORUM IN BELEM (BRASILIEN) 27.1.- 1.2. 2009"},"content":{"rendered":"<p>Von 27. J\u00e4nner bis 1. Februar 2009 findet das Weltsozialforum ( WSF ) in Belem ( Brasilien ) statt. Vor dem Hintergrund der weltweiten Krise des Kapitalismus, die immer mehr seine &#8220; Realwirtschaft&#8220; erfa\u00dft, wird es diesmal besonders spannend.<\/p>\n<p><!--more--><\/p>\n<p>Es gibt eine F\u00fclle von Foren , ( kulturellen ) Veranstaltungen, selbstinitiierten Seminaren\/ Workshops  etc: dem \u00f6kologischen Aspekt wird eine besondere Bedeutung zukommen- liegt doch Belem im M\u00fcndungsgebiet des Amazonas.<\/p>\n<p>Schon jetzt ist absehbar, da\u00df auch etliche TeilnehmerInnen aus \u00d6sterreich kommen werden. Es w\u00e4re daher gut, bereits vor Belem  Kontakt miteinander aufzunehmen: wer referiert auf dem Weltsozialforum? wer geht in welche Seminare \/ Workshops ? wo und wann gibt es den obligaten &#8222;\u00d6sterreicherInnen-Treff&#8220; am WSF? etc.<\/p>\n<p>Ich schicke daher dieses mail aus, um den Kontakt untereinander zu f\u00f6rdern ( auch was Anreise und Unterbringung betrifft, kann ich Tipps geben). Bitte greift bald zur Feder oder ruft an.<\/p>\n<p>Hermann Dworczak ( Aktivist im Austrian Social Form \/ ASF; 0676 \/ 972 31 10 )<\/p>\n<p><a title=\"Weltsozialforum Belem\" href=\"http:\/\/www.forumsocialmundial.org.br\/\" target=\"_blank\">Link zur Homepage des Weltsozialforums<\/a><\/p>\n","protected":false},"excerpt":{"rendered":"<p>Von 27. J\u00e4nner bis 1. Februar 2009 findet das Weltsozialforum ( WSF ) in Belem ( Brasilien ) statt. Vor dem Hintergrund der weltweiten Krise des Kapitalismus, die immer mehr seine &#8220; Realwirtschaft&#8220; erfa\u00dft, wird es diesmal besonders spannend.<\/p>\n","protected":false},"author":1,"featured_media":0,"comment_status":"open","ping_status":"open","sticky":false,"template":"","format":"standard","meta":{"footnotes":""},"categories":[7],"tags":[],"class_list":["post-438","post","type-post","status-publish","format-standard","hentry","category-asf-bewegung"],"_links":{"self":[{"href":"https:\/\/www.friedensplattform.at\/index.php?rest_route=\/wp\/v2\/posts\/438","targetHints":{"allow":["GET"]}}],"collection":[{"href":"https:\/\/www.friedensplattform.at\/index.php?rest_route=\/wp\/v2\/posts"}],"about":[{"href":"https:\/\/www.friedensplattform.at\/index.php?rest_route=\/wp\/v2\/types\/post"}],"author":[{"embeddable":true,"href":"https:\/\/www.friedensplattform.at\/index.php?rest_route=\/wp\/v2\/users\/1"}],"replies":[{"embeddable":true,"href":"https:\/\/www.friedensplattform.at\/index.php?rest_route=%2Fwp%2Fv2%2Fcomments&post=438"}],"version-history":[{"count":0,"href":"https:\/\/www.friedensplattform.at\/index.php?rest_route=\/wp\/v2\/posts\/438\/revisions"}],"wp:attachment":[{"href":"https:\/\/www.friedensplattform.at\/index.php?rest_route=%2Fwp%2Fv2%2Fmedia&parent=438"}],"wp:term":[{"taxonomy":"category","embeddable":true,"href":"https:\/\/www.friedensplattform.at\/index.php?rest_route=%2Fwp%2Fv2%2Fcategories&post=438"},{"taxonomy":"post_tag","embeddable":true,"href":"https:\/\/www.friedensplattform.at\/index.php?rest_route=%2Fwp%2Fv2%2Ftags&post=438"}],"curies":[{"name":"wp","href":"https:\/\/api.w.org\/{rel}","templated":true}]}}