{"id":4431,"date":"2018-02-16T07:34:32","date_gmt":"2018-02-16T07:34:32","guid":{"rendered":"http:\/\/www.friedensplattform.at\/?p=4431"},"modified":"2018-02-16T07:34:32","modified_gmt":"2018-02-16T07:34:32","slug":"ikone-oder-provokateurin","status":"publish","type":"post","link":"https:\/\/www.friedensplattform.at\/?p=4431","title":{"rendered":"Ikone oder Provokateurin?"},"content":{"rendered":"<ul id=\"em_keyword_list_article\" class=\"em_keyword_list\">\n<li>\n<h3>Prozess gegen 17-j\u00e4hrige Pal\u00e4stinenserin Ahed Tamimi vertagt. Anw\u00e4ltin spricht Israels Justiz \u00f6rtliche Zust\u00e4ndigkeit ab.<\/h3>\n<\/li>\n<\/ul>\n<div id=\"em_cnt_artikel\" class=\"em_cnt_artikelansicht ui-tabs-panel ui-widget-content ui-corner-bottom\">\n<div id=\"em_artikelansicht_artikel\">\n<div id=\"em_article_sidebar_container\">\n<div class=\"wrapper-sticky\">\n<div id=\"em_article_sidebar\" class=\"\">\n<div id=\"em_socialshareprivacy\"><\/div>\n<p><img decoding=\"async\" src=\"http:\/\/www.wienerzeitung.at\/_em_daten\/wzo\/_layout\/email_icon.jpg\" width=\"18\" \/><\/div>\n<\/div>\n<\/div>\n<div class=\"em_artikelansicht_zusatzcontent em_right em_cnt_zoom\">\n<div class=\"em_zusatz_box_container\">\n<div class=\"em_zusatz_box\">\n<div class=\"em_zusatz_box_body\"><img decoding=\"async\" class=\"em_article_image\" title=\"Eine K\u00e4mpferin von fr\u00fcher Kindheit an: Ahed Tamimi steht am Dienstag 17-j\u00e4hrig vor Gericht (o.). Das Foto in der Mitte stammt aus 2015: Das M\u00e4dchen und seine Mutter versuchen, den Bruder aus dem Griff eines israelischen Soldaten zu befreien. Unten: Die 12-j\u00e4hrige Ahed bedroht im Jahr 2012 einen Soldaten mit der Faust.\" src=\"http:\/\/www.wienerzeitung.at\/_em_daten\/_cache\/image\/1xS2TRCfeMscDUejP4i7n1S6mM5BPtM4IYKNc75KffGr6ynCWaVULN_APditRrV5_4dpRxJURJPmDQvKcMZhpD8w\/180213-1750-948-0900-126563-140204kind.jpg\" alt=\"Eine K\u00e4mpferin von fr\u00fcher Kindheit an: Ahed Tamimi steht am Dienstag 17-j\u00e4hrig vor Gericht (o.). Das Foto in der Mitte stammt aus 2015: Das M\u00e4dchen und seine Mutter versuchen, den Bruder aus dem Griff eines israelischen Soldaten zu befreien. Unten: Die 12-j\u00e4hrige Ahed bedroht im Jahr 2012 einen Soldaten mit der Faust.\" \/><\/p>\n<div class=\"em_clear\"><\/div>\n<p><span class=\"em_cnt_caption em_cnt_zoom_visible em_left\">Eine K\u00e4mpferin von fr\u00fcher Kindheit an: Ahed Tamimi steht am Dienstag 17-j\u00e4hrig vor Gericht (o.). Das Foto in der Mitte stammt aus 2015: Das M\u00e4dchen und seine Mutter versuchen, den Bruder aus dem Griff eines israelischen Soldaten zu befreien. Unten: Die 12-j\u00e4hrige Ahed bedroht im Jahr 2012 einen Soldaten mit der Faust.<\/span><span class=\"em_cnt_copyright em_cnt_zoom_visible em_right\">\u00a9 afp\/ap (2)<\/span><\/div>\n<\/div>\n<\/div>\n<\/div>\n<\/div>\n<\/div>\n<p><!--more--><\/p>\n<p><a href=\"http:\/\/www.wienerzeitung.at\/nachrichten\/welt\/weltpolitik\/947002_Ikone-oder-Provokateurin.html\">http:\/\/www.wienerzeitung.at\/nachrichten\/welt\/weltpolitik\/947002_Ikone-oder-Provokateurin.html<\/a><\/p>\n","protected":false},"excerpt":{"rendered":"<p>Prozess gegen 17-j\u00e4hrige Pal\u00e4stinenserin Ahed Tamimi vertagt. Anw\u00e4ltin spricht Israels Justiz \u00f6rtliche Zust\u00e4ndigkeit ab. Eine K\u00e4mpferin von fr\u00fcher Kindheit an: Ahed Tamimi steht am Dienstag 17-j\u00e4hrig vor Gericht (o.). Das Foto in der Mitte stammt aus 2015: Das M\u00e4dchen und seine Mutter versuchen, den Bruder aus dem Griff eines israelischen Soldaten zu befreien. Unten: Die &hellip; <a href=\"https:\/\/www.friedensplattform.at\/?p=4431\" class=\"more-link\"><span class=\"screen-reader-text\">Ikone oder Provokateurin?<\/span> weiterlesen <span class=\"meta-nav\">&rarr;<\/span><\/a><\/p>\n","protected":false},"author":2,"featured_media":0,"comment_status":"open","ping_status":"open","sticky":false,"template":"","format":"standard","meta":{"footnotes":""},"categories":[1],"tags":[],"class_list":["post-4431","post","type-post","status-publish","format-standard","hentry","category-allgemein"],"_links":{"self":[{"href":"https:\/\/www.friedensplattform.at\/index.php?rest_route=\/wp\/v2\/posts\/4431","targetHints":{"allow":["GET"]}}],"collection":[{"href":"https:\/\/www.friedensplattform.at\/index.php?rest_route=\/wp\/v2\/posts"}],"about":[{"href":"https:\/\/www.friedensplattform.at\/index.php?rest_route=\/wp\/v2\/types\/post"}],"author":[{"embeddable":true,"href":"https:\/\/www.friedensplattform.at\/index.php?rest_route=\/wp\/v2\/users\/2"}],"replies":[{"embeddable":true,"href":"https:\/\/www.friedensplattform.at\/index.php?rest_route=%2Fwp%2Fv2%2Fcomments&post=4431"}],"version-history":[{"count":1,"href":"https:\/\/www.friedensplattform.at\/index.php?rest_route=\/wp\/v2\/posts\/4431\/revisions"}],"predecessor-version":[{"id":4432,"href":"https:\/\/www.friedensplattform.at\/index.php?rest_route=\/wp\/v2\/posts\/4431\/revisions\/4432"}],"wp:attachment":[{"href":"https:\/\/www.friedensplattform.at\/index.php?rest_route=%2Fwp%2Fv2%2Fmedia&parent=4431"}],"wp:term":[{"taxonomy":"category","embeddable":true,"href":"https:\/\/www.friedensplattform.at\/index.php?rest_route=%2Fwp%2Fv2%2Fcategories&post=4431"},{"taxonomy":"post_tag","embeddable":true,"href":"https:\/\/www.friedensplattform.at\/index.php?rest_route=%2Fwp%2Fv2%2Ftags&post=4431"}],"curies":[{"name":"wp","href":"https:\/\/api.w.org\/{rel}","templated":true}]}}