{"id":4433,"date":"2018-02-18T17:35:26","date_gmt":"2018-02-18T17:35:26","guid":{"rendered":"http:\/\/www.friedensplattform.at\/?p=4433"},"modified":"2018-02-18T17:35:26","modified_gmt":"2018-02-18T17:35:26","slug":"us-schueler-wuetend-auf-waffenlobby","status":"publish","type":"post","link":"https:\/\/www.friedensplattform.at\/?p=4433","title":{"rendered":"US-Sch\u00fcler w\u00fctend auf Waffenlobby"},"content":{"rendered":"<h4 class=\"artikel\">Proteste nach Amoklauf<\/h4>\n<p class=\"intro\">Nach dem Schulmassaker sind in Florida Tausende von Menschen, darunter viele Sch\u00fcler, auf die Stra\u00dfe gegangen. Ihr Protest richtet sich gegen die Waffenlobby und besonders gegen US-Pr\u00e4sident Trump.<\/p>\n<h4 class=\"artikel\"><img loading=\"lazy\" decoding=\"async\" class=\"\" title=\"USA Anti-Waffen-Demonstration in Fort Lauderdale - Emma Gonzalez (Getty Images\/AFP\/R. Wise)\" src=\"http:\/\/www.dw.com\/image\/42632152_303.jpg\" alt=\"USA Anti-Waffen-Demonstration in Fort Lauderdale - Emma Gonzalez (Getty Images\/AFP\/R. Wise)\" width=\"323\" height=\"182\" \/><\/h4>\n<p><!--more--><\/p>\n<p><a href=\"http:\/\/www.dw.com\/de\/us-sch%C3%BCler-w%C3%BCtend-auf-waffenlobby\/a-42632138\">weiterlesen und das youtube video anschauen auf <\/a><\/p>\n<p class=\"intro\">\n","protected":false},"excerpt":{"rendered":"<p>Proteste nach Amoklauf Nach dem Schulmassaker sind in Florida Tausende von Menschen, darunter viele Sch\u00fcler, auf die Stra\u00dfe gegangen. Ihr Protest richtet sich gegen die Waffenlobby und besonders gegen US-Pr\u00e4sident Trump.<\/p>\n","protected":false},"author":2,"featured_media":0,"comment_status":"open","ping_status":"open","sticky":false,"template":"","format":"standard","meta":{"footnotes":""},"categories":[1],"tags":[],"class_list":["post-4433","post","type-post","status-publish","format-standard","hentry","category-allgemein"],"_links":{"self":[{"href":"https:\/\/www.friedensplattform.at\/index.php?rest_route=\/wp\/v2\/posts\/4433","targetHints":{"allow":["GET"]}}],"collection":[{"href":"https:\/\/www.friedensplattform.at\/index.php?rest_route=\/wp\/v2\/posts"}],"about":[{"href":"https:\/\/www.friedensplattform.at\/index.php?rest_route=\/wp\/v2\/types\/post"}],"author":[{"embeddable":true,"href":"https:\/\/www.friedensplattform.at\/index.php?rest_route=\/wp\/v2\/users\/2"}],"replies":[{"embeddable":true,"href":"https:\/\/www.friedensplattform.at\/index.php?rest_route=%2Fwp%2Fv2%2Fcomments&post=4433"}],"version-history":[{"count":1,"href":"https:\/\/www.friedensplattform.at\/index.php?rest_route=\/wp\/v2\/posts\/4433\/revisions"}],"predecessor-version":[{"id":4434,"href":"https:\/\/www.friedensplattform.at\/index.php?rest_route=\/wp\/v2\/posts\/4433\/revisions\/4434"}],"wp:attachment":[{"href":"https:\/\/www.friedensplattform.at\/index.php?rest_route=%2Fwp%2Fv2%2Fmedia&parent=4433"}],"wp:term":[{"taxonomy":"category","embeddable":true,"href":"https:\/\/www.friedensplattform.at\/index.php?rest_route=%2Fwp%2Fv2%2Fcategories&post=4433"},{"taxonomy":"post_tag","embeddable":true,"href":"https:\/\/www.friedensplattform.at\/index.php?rest_route=%2Fwp%2Fv2%2Ftags&post=4433"}],"curies":[{"name":"wp","href":"https:\/\/api.w.org\/{rel}","templated":true}]}}