{"id":4471,"date":"2018-03-01T20:48:19","date_gmt":"2018-03-01T20:48:19","guid":{"rendered":"http:\/\/www.friedensplattform.at\/?p=4471"},"modified":"2018-03-01T20:49:04","modified_gmt":"2018-03-01T20:49:04","slug":"rueckzugsraum-fuer-islamisten","status":"publish","type":"post","link":"https:\/\/www.friedensplattform.at\/?p=4471","title":{"rendered":"R\u00fcckzugsraum f\u00fcr Islamisten"},"content":{"rendered":"<h3>Aus den \u00f6stlichen Vororten von Damaskus heraus f\u00fchren Dschihadisten unter den Augen des Westens Krieg gegen die syrische Regierung<\/h3>\n<h3>Von Karin Leukefeld<\/h3>\n<p><!--more--><\/p>\n<p><a href=\"https:\/\/www.jungewelt.de\/artikel\/328081.r%C3%BCckzugsraum-f%C3%BCr-islamisten.html\">weiterlesen auf<\/a><\/p>\n","protected":false},"excerpt":{"rendered":"<p>Aus den \u00f6stlichen Vororten von Damaskus heraus f\u00fchren Dschihadisten unter den Augen des Westens Krieg gegen die syrische Regierung Von Karin Leukefeld<\/p>\n","protected":false},"author":2,"featured_media":0,"comment_status":"open","ping_status":"open","sticky":false,"template":"","format":"standard","meta":{"footnotes":""},"categories":[1],"tags":[],"class_list":["post-4471","post","type-post","status-publish","format-standard","hentry","category-allgemein"],"_links":{"self":[{"href":"https:\/\/www.friedensplattform.at\/index.php?rest_route=\/wp\/v2\/posts\/4471","targetHints":{"allow":["GET"]}}],"collection":[{"href":"https:\/\/www.friedensplattform.at\/index.php?rest_route=\/wp\/v2\/posts"}],"about":[{"href":"https:\/\/www.friedensplattform.at\/index.php?rest_route=\/wp\/v2\/types\/post"}],"author":[{"embeddable":true,"href":"https:\/\/www.friedensplattform.at\/index.php?rest_route=\/wp\/v2\/users\/2"}],"replies":[{"embeddable":true,"href":"https:\/\/www.friedensplattform.at\/index.php?rest_route=%2Fwp%2Fv2%2Fcomments&post=4471"}],"version-history":[{"count":2,"href":"https:\/\/www.friedensplattform.at\/index.php?rest_route=\/wp\/v2\/posts\/4471\/revisions"}],"predecessor-version":[{"id":4473,"href":"https:\/\/www.friedensplattform.at\/index.php?rest_route=\/wp\/v2\/posts\/4471\/revisions\/4473"}],"wp:attachment":[{"href":"https:\/\/www.friedensplattform.at\/index.php?rest_route=%2Fwp%2Fv2%2Fmedia&parent=4471"}],"wp:term":[{"taxonomy":"category","embeddable":true,"href":"https:\/\/www.friedensplattform.at\/index.php?rest_route=%2Fwp%2Fv2%2Fcategories&post=4471"},{"taxonomy":"post_tag","embeddable":true,"href":"https:\/\/www.friedensplattform.at\/index.php?rest_route=%2Fwp%2Fv2%2Ftags&post=4471"}],"curies":[{"name":"wp","href":"https:\/\/api.w.org\/{rel}","templated":true}]}}