{"id":4474,"date":"2018-03-01T20:54:09","date_gmt":"2018-03-01T20:54:09","guid":{"rendered":"http:\/\/www.friedensplattform.at\/?p=4474"},"modified":"2018-03-01T20:54:09","modified_gmt":"2018-03-01T20:54:09","slug":"unter-der-obhut-des-westens","status":"publish","type":"post","link":"https:\/\/www.friedensplattform.at\/?p=4474","title":{"rendered":"Unter der Obhut des Westens"},"content":{"rendered":"<h2>Wer sind die K\u00e4mpfer in den \u00f6stlichen Vororten von Damaskus?<\/h2>\n<address>Von Karin Leukefeld<\/address>\n<address><img loading=\"lazy\" decoding=\"async\" id=\"img105793\" class=\"\" src=\"https:\/\/www.jungewelt.de\/img\/700\/105793.jpg\" alt=\"RTX1E8TZ.jpg\" width=\"364\" height=\"213\" \/><\/address>\n<address>Stolz pr\u00e4sentieren die K\u00e4mpfer ihre Scharfsch\u00fctzengewehre vor der Kamera. Dann wird der Blick durch das Zielfernrohr gelenkt. Der Sch\u00fctze feuert, wenig sp\u00e4ter fallen die M\u00e4nner im Zielfernrohr. \u00bbGott ist gro\u00df\u00ab, ruft eine Stimme im Hintergrund,<\/address>\n<address><a href=\"https:\/\/www.jungewelt.de\/artikel\/328082.unter-der-obhut-des-westens.html\">weiterlesen<\/a><\/address>\n","protected":false},"excerpt":{"rendered":"<p>Wer sind die K\u00e4mpfer in den \u00f6stlichen Vororten von Damaskus? Von Karin Leukefeld Stolz pr\u00e4sentieren die K\u00e4mpfer ihre Scharfsch\u00fctzengewehre vor der Kamera. Dann wird der Blick durch das Zielfernrohr gelenkt. Der Sch\u00fctze feuert, wenig sp\u00e4ter fallen die M\u00e4nner im Zielfernrohr. \u00bbGott ist gro\u00df\u00ab, ruft eine Stimme im Hintergrund, weiterlesen<\/p>\n","protected":false},"author":2,"featured_media":0,"comment_status":"open","ping_status":"open","sticky":false,"template":"","format":"standard","meta":{"footnotes":""},"categories":[1],"tags":[],"class_list":["post-4474","post","type-post","status-publish","format-standard","hentry","category-allgemein"],"_links":{"self":[{"href":"https:\/\/www.friedensplattform.at\/index.php?rest_route=\/wp\/v2\/posts\/4474","targetHints":{"allow":["GET"]}}],"collection":[{"href":"https:\/\/www.friedensplattform.at\/index.php?rest_route=\/wp\/v2\/posts"}],"about":[{"href":"https:\/\/www.friedensplattform.at\/index.php?rest_route=\/wp\/v2\/types\/post"}],"author":[{"embeddable":true,"href":"https:\/\/www.friedensplattform.at\/index.php?rest_route=\/wp\/v2\/users\/2"}],"replies":[{"embeddable":true,"href":"https:\/\/www.friedensplattform.at\/index.php?rest_route=%2Fwp%2Fv2%2Fcomments&post=4474"}],"version-history":[{"count":1,"href":"https:\/\/www.friedensplattform.at\/index.php?rest_route=\/wp\/v2\/posts\/4474\/revisions"}],"predecessor-version":[{"id":4475,"href":"https:\/\/www.friedensplattform.at\/index.php?rest_route=\/wp\/v2\/posts\/4474\/revisions\/4475"}],"wp:attachment":[{"href":"https:\/\/www.friedensplattform.at\/index.php?rest_route=%2Fwp%2Fv2%2Fmedia&parent=4474"}],"wp:term":[{"taxonomy":"category","embeddable":true,"href":"https:\/\/www.friedensplattform.at\/index.php?rest_route=%2Fwp%2Fv2%2Fcategories&post=4474"},{"taxonomy":"post_tag","embeddable":true,"href":"https:\/\/www.friedensplattform.at\/index.php?rest_route=%2Fwp%2Fv2%2Ftags&post=4474"}],"curies":[{"name":"wp","href":"https:\/\/api.w.org\/{rel}","templated":true}]}}