{"id":45,"date":"2006-11-10T21:40:59","date_gmt":"2006-11-10T19:40:59","guid":{"rendered":"http:\/\/www.luxorbis.org\/friedensplattform.at\/?p=45"},"modified":"2006-11-10T21:40:59","modified_gmt":"2006-11-10T19:40:59","slug":"solidaritat-mit-dem-libanon","status":"publish","type":"post","link":"https:\/\/www.friedensplattform.at\/?p=45","title":{"rendered":"Solidarit&#228;t mit dem Libanon"},"content":{"rendered":"<p>Berichte \u00fcber eine Fact-Finding-Mission und<br \/>\n\u00fcber \u00f6sterreichische Wiederaufbauprojekte<\/p>\n<p><!--more--><br \/>\n<strong>Zeit: Freitag, 17. November 2006, 19.00 Uhr<br \/>\nOrt: Festsaal der Diplomatischen Akademie<br \/>\n1040 Wien, Favoritenstra\u00dfe 15 A<\/strong><\/p>\n<p>Es sprechen:<br \/>\nDR. WILLIBALD PAHR<br \/>\nPr\u00e4sident der \u00d6sterreichisch-Libanesische Gesellschaft<br \/>\nFRITZ EDLINGER<br \/>\nGeneralsekret\u00e4r der Gesellschaft f\u00fcr \u00d6sterreichisch-Arabische Beziehungen<br \/>\nAugenzeugenbericht aus dem Libanon (mit Lichtbildern):<br \/>\nTHOMAS KUKOVEC<br \/>\nProjektkoordinator<br \/>\nEintritt: Um freiwillige Spenden wird gebeten!<\/p>\n<p>Veranstalter: Gesellschaft f\u00fcr \u00d6sterreichisch-Arabische Beziehungen<br \/>\n\u00d6sterreichisch-Libanesische Gesellschaft<br \/>\n\u00d6sterreichisch-Arabische \u00c4rzte- und Apotheker-Vereinigung<\/p>\n<p><a href=\"http:\/\/www.luxorbis.org\/friedensplattform.at\/wp-content\/uploads\/2007\/08\/einladung_libanon.pdf\" title=\"Einladung_Veranstaltung_Libanon\">Einladung_Veranstaltung_Libanon<\/a><\/p>\n<p><a href=\"http:\/\/www.luxorbis.org\/friedensplattform.at\/wp-content\/uploads\/2007\/08\/folder_libanon.pdf\" title=\"Folder_Libanon\">Folder_Libanon<\/a><\/p>\n","protected":false},"excerpt":{"rendered":"<p>Berichte \u00fcber eine Fact-Finding-Mission und \u00fcber \u00f6sterreichische Wiederaufbauprojekte<\/p>\n","protected":false},"author":1,"featured_media":0,"comment_status":"open","ping_status":"open","sticky":false,"template":"","format":"standard","meta":{"footnotes":""},"categories":[5],"tags":[],"class_list":["post-45","post","type-post","status-publish","format-standard","hentry","category-arabischer-raum"],"_links":{"self":[{"href":"https:\/\/www.friedensplattform.at\/index.php?rest_route=\/wp\/v2\/posts\/45","targetHints":{"allow":["GET"]}}],"collection":[{"href":"https:\/\/www.friedensplattform.at\/index.php?rest_route=\/wp\/v2\/posts"}],"about":[{"href":"https:\/\/www.friedensplattform.at\/index.php?rest_route=\/wp\/v2\/types\/post"}],"author":[{"embeddable":true,"href":"https:\/\/www.friedensplattform.at\/index.php?rest_route=\/wp\/v2\/users\/1"}],"replies":[{"embeddable":true,"href":"https:\/\/www.friedensplattform.at\/index.php?rest_route=%2Fwp%2Fv2%2Fcomments&post=45"}],"version-history":[{"count":0,"href":"https:\/\/www.friedensplattform.at\/index.php?rest_route=\/wp\/v2\/posts\/45\/revisions"}],"wp:attachment":[{"href":"https:\/\/www.friedensplattform.at\/index.php?rest_route=%2Fwp%2Fv2%2Fmedia&parent=45"}],"wp:term":[{"taxonomy":"category","embeddable":true,"href":"https:\/\/www.friedensplattform.at\/index.php?rest_route=%2Fwp%2Fv2%2Fcategories&post=45"},{"taxonomy":"post_tag","embeddable":true,"href":"https:\/\/www.friedensplattform.at\/index.php?rest_route=%2Fwp%2Fv2%2Ftags&post=45"}],"curies":[{"name":"wp","href":"https:\/\/api.w.org\/{rel}","templated":true}]}}