{"id":453,"date":"2008-12-21T20:51:12","date_gmt":"2008-12-21T18:51:12","guid":{"rendered":"http:\/\/www.luxorbis.org\/friedensplattform.at\/?p=453"},"modified":"2008-12-21T20:51:12","modified_gmt":"2008-12-21T18:51:12","slug":"charta-der-grundsatze-fur-ein-anderes-europa","status":"publish","type":"post","link":"https:\/\/www.friedensplattform.at\/?p=453","title":{"rendered":"Charta der Grunds&#228;tze f&#252;r ein anderes Europa"},"content":{"rendered":"<p>Die Redaktion der Charta der Grunds\u00e4tze f\u00fcr ein anderes Europa ist das Werk zahlreicher Netzwerke im Europ\u00e4ischen Sozialforum (ESF); sie dauerte mehr als zwei Jahre. An ihr waren auch politische Akteure beteiligt, die im Juni 2005 unmittelbar im Anschluss an das franz\u00f6sische \u201eNein&#8220; zum EU-Verfassungsvertrag an der Pariser Konferenz teilgenommen haben.<\/p>\n<p><a title=\"europe4all\" href=\"http:\/\/www.europe4all.org\/deutsch\/presentation_content\/index.php\" target=\"_blank\">Zur Homepage der Charta f\u00fcr ein anderes Europa<\/a><\/p>\n","protected":false},"excerpt":{"rendered":"<p>Die Redaktion der Charta der Grunds\u00e4tze f\u00fcr ein anderes Europa ist das Werk zahlreicher Netzwerke im Europ\u00e4ischen Sozialforum (ESF); sie dauerte mehr als zwei Jahre. An ihr waren auch politische Akteure beteiligt, die im Juni 2005 unmittelbar im Anschluss an das franz\u00f6sische \u201eNein&#8220; zum EU-Verfassungsvertrag an der Pariser Konferenz teilgenommen haben. Zur Homepage der Charta &hellip; <a href=\"https:\/\/www.friedensplattform.at\/?p=453\" class=\"more-link\"><span class=\"screen-reader-text\">Charta der Grunds&#228;tze f&#252;r ein anderes Europa<\/span> weiterlesen <span class=\"meta-nav\">&rarr;<\/span><\/a><\/p>\n","protected":false},"author":1,"featured_media":0,"comment_status":"open","ping_status":"open","sticky":false,"template":"","format":"standard","meta":{"footnotes":""},"categories":[1,7],"tags":[],"class_list":["post-453","post","type-post","status-publish","format-standard","hentry","category-allgemein","category-asf-bewegung"],"_links":{"self":[{"href":"https:\/\/www.friedensplattform.at\/index.php?rest_route=\/wp\/v2\/posts\/453","targetHints":{"allow":["GET"]}}],"collection":[{"href":"https:\/\/www.friedensplattform.at\/index.php?rest_route=\/wp\/v2\/posts"}],"about":[{"href":"https:\/\/www.friedensplattform.at\/index.php?rest_route=\/wp\/v2\/types\/post"}],"author":[{"embeddable":true,"href":"https:\/\/www.friedensplattform.at\/index.php?rest_route=\/wp\/v2\/users\/1"}],"replies":[{"embeddable":true,"href":"https:\/\/www.friedensplattform.at\/index.php?rest_route=%2Fwp%2Fv2%2Fcomments&post=453"}],"version-history":[{"count":0,"href":"https:\/\/www.friedensplattform.at\/index.php?rest_route=\/wp\/v2\/posts\/453\/revisions"}],"wp:attachment":[{"href":"https:\/\/www.friedensplattform.at\/index.php?rest_route=%2Fwp%2Fv2%2Fmedia&parent=453"}],"wp:term":[{"taxonomy":"category","embeddable":true,"href":"https:\/\/www.friedensplattform.at\/index.php?rest_route=%2Fwp%2Fv2%2Fcategories&post=453"},{"taxonomy":"post_tag","embeddable":true,"href":"https:\/\/www.friedensplattform.at\/index.php?rest_route=%2Fwp%2Fv2%2Ftags&post=453"}],"curies":[{"name":"wp","href":"https:\/\/api.w.org\/{rel}","templated":true}]}}