{"id":4533,"date":"2018-03-21T09:03:20","date_gmt":"2018-03-21T09:03:20","guid":{"rendered":"http:\/\/www.friedensplattform.at\/?p=4533"},"modified":"2018-03-21T09:58:17","modified_gmt":"2018-03-21T09:58:17","slug":"mahnwache-wegen-der-kriegsereignisse-in-syrien-am-9-3-2018","status":"publish","type":"post","link":"https:\/\/www.friedensplattform.at\/?p=4533","title":{"rendered":"Mahnwache wegen der Kriegsereignisse in Syrien am 9.3.2018"},"content":{"rendered":"<p>Am 9.3. 2018 fand am Eisernen Tor von 18:00-19:30 eine Mahnwache wegen der Kriegsereignisse in Syrien anl\u00e4sslich der akut-dramatischen Situation in Ost-Ghuta statt.<\/p>\n<p>&nbsp;<\/p>\n<p>Das Gedenken an die vielen Opfer in der Zivilbev\u00f6lkerung, insbesondere der Kinder und die Forderungen nach sofortigem Waffenstillstand mit Verst\u00e4rkung politisch diplomatischer Bem\u00fchungen f\u00fcr Frieden standen im Mittelpunkt.<\/p>\n<p>&nbsp;<\/p>\n<p><a href=\"http:\/\/www.friedensplattform.at\/wp-content\/uploads\/2018\/03\/P3090619.jpg\"><img loading=\"lazy\" decoding=\"async\" class=\"alignnone size-medium wp-image-4535\" src=\"http:\/\/www.friedensplattform.at\/wp-content\/uploads\/2018\/03\/P3090619-300x225.jpg\" alt=\"\" width=\"300\" height=\"225\" srcset=\"https:\/\/www.friedensplattform.at\/wp-content\/uploads\/2018\/03\/P3090619-300x225.jpg 300w, https:\/\/www.friedensplattform.at\/wp-content\/uploads\/2018\/03\/P3090619-768x576.jpg 768w, https:\/\/www.friedensplattform.at\/wp-content\/uploads\/2018\/03\/P3090619-1024x768.jpg 1024w\" sizes=\"auto, (max-width: 300px) 100vw, 300px\" \/><\/a><\/p>\n<p><!--more--><\/p>\n<p>&nbsp;<\/p>\n<p><a href=\"http:\/\/www.friedensplattform.at\/wp-content\/uploads\/2018\/03\/ghouta-flugblatt-1.pdf\">ghouta flugblatt<\/a><\/p>\n<p>&nbsp;<\/p>\n","protected":false},"excerpt":{"rendered":"<p>Am 9.3. 2018 fand am Eisernen Tor von 18:00-19:30 eine Mahnwache wegen der Kriegsereignisse in Syrien anl\u00e4sslich der akut-dramatischen Situation in Ost-Ghuta statt. &nbsp; Das Gedenken an die vielen Opfer in der Zivilbev\u00f6lkerung, insbesondere der Kinder und die Forderungen nach sofortigem Waffenstillstand mit Verst\u00e4rkung politisch diplomatischer Bem\u00fchungen f\u00fcr Frieden standen im Mittelpunkt. &nbsp;<\/p>\n","protected":false},"author":5,"featured_media":0,"comment_status":"open","ping_status":"open","sticky":false,"template":"","format":"standard","meta":{"footnotes":""},"categories":[1,3,5],"tags":[42],"class_list":["post-4533","post","type-post","status-publish","format-standard","hentry","category-allgemein","category-antimilitarismus","category-arabischer-raum","tag-syrien-mahnwache"],"_links":{"self":[{"href":"https:\/\/www.friedensplattform.at\/index.php?rest_route=\/wp\/v2\/posts\/4533","targetHints":{"allow":["GET"]}}],"collection":[{"href":"https:\/\/www.friedensplattform.at\/index.php?rest_route=\/wp\/v2\/posts"}],"about":[{"href":"https:\/\/www.friedensplattform.at\/index.php?rest_route=\/wp\/v2\/types\/post"}],"author":[{"embeddable":true,"href":"https:\/\/www.friedensplattform.at\/index.php?rest_route=\/wp\/v2\/users\/5"}],"replies":[{"embeddable":true,"href":"https:\/\/www.friedensplattform.at\/index.php?rest_route=%2Fwp%2Fv2%2Fcomments&post=4533"}],"version-history":[{"count":8,"href":"https:\/\/www.friedensplattform.at\/index.php?rest_route=\/wp\/v2\/posts\/4533\/revisions"}],"predecessor-version":[{"id":4553,"href":"https:\/\/www.friedensplattform.at\/index.php?rest_route=\/wp\/v2\/posts\/4533\/revisions\/4553"}],"wp:attachment":[{"href":"https:\/\/www.friedensplattform.at\/index.php?rest_route=%2Fwp%2Fv2%2Fmedia&parent=4533"}],"wp:term":[{"taxonomy":"category","embeddable":true,"href":"https:\/\/www.friedensplattform.at\/index.php?rest_route=%2Fwp%2Fv2%2Fcategories&post=4533"},{"taxonomy":"post_tag","embeddable":true,"href":"https:\/\/www.friedensplattform.at\/index.php?rest_route=%2Fwp%2Fv2%2Ftags&post=4533"}],"curies":[{"name":"wp","href":"https:\/\/api.w.org\/{rel}","templated":true}]}}