{"id":4545,"date":"2018-03-21T09:49:30","date_gmt":"2018-03-21T09:49:30","guid":{"rendered":"http:\/\/www.friedensplattform.at\/?p=4545"},"modified":"2018-03-21T14:07:20","modified_gmt":"2018-03-21T14:07:20","slug":"internationale-israel-apartheid-week-am-10-3-2018","status":"publish","type":"post","link":"https:\/\/www.friedensplattform.at\/?p=4545","title":{"rendered":"Internationale Israel Apartheid Week am 10.3.2018"},"content":{"rendered":"<p>Anl\u00e4sslich der <strong>Internationalen Israel Apartheid Week<\/strong> informierte Pal\u00e4stina Solidarit\u00e4t Steiermark mit einem Infotisch, Infobl\u00e4ttern und Ansprachen \u00fcber die BDS (Boykott-Desinvestion-Sanktions) Bewegung: Ursprung, Beweggr\u00fcnde, Ziele, sowie \u00fcber Geschichte und aktuelle Situation der Pal\u00e4stinenserInnen.<\/p>\n<p><strong>SAMSTAG, 10.3.2018<\/strong><\/p>\n<p><strong>von 13:00 bis 16:00<\/strong><\/p>\n<p><strong>am EISERNEN TOR<\/strong> (Springbrunnen bei Jakominiplatz)<\/p>\n<p>&nbsp;<\/p>\n<p><a href=\"http:\/\/www.friedensplattform.at\/wp-content\/uploads\/2018\/03\/P3100620.jpg\"><img loading=\"lazy\" decoding=\"async\" class=\"alignnone size-medium wp-image-4546\" src=\"http:\/\/www.friedensplattform.at\/wp-content\/uploads\/2018\/03\/P3100620-300x225.jpg\" alt=\"\" width=\"300\" height=\"225\" srcset=\"https:\/\/www.friedensplattform.at\/wp-content\/uploads\/2018\/03\/P3100620-300x225.jpg 300w, https:\/\/www.friedensplattform.at\/wp-content\/uploads\/2018\/03\/P3100620-768x576.jpg 768w, https:\/\/www.friedensplattform.at\/wp-content\/uploads\/2018\/03\/P3100620-1024x768.jpg 1024w\" sizes=\"auto, (max-width: 300px) 100vw, 300px\" \/><\/a><\/p>\n<p><!--more--><\/p>\n<p><a href=\"http:\/\/www.friedensplattform.at\/wp-content\/uploads\/2018\/03\/P3100621-1.jpg\"><img loading=\"lazy\" decoding=\"async\" class=\"alignnone size-medium wp-image-4558\" src=\"http:\/\/www.friedensplattform.at\/wp-content\/uploads\/2018\/03\/P3100621-1-300x225.jpg\" alt=\"\" width=\"300\" height=\"225\" srcset=\"https:\/\/www.friedensplattform.at\/wp-content\/uploads\/2018\/03\/P3100621-1-300x225.jpg 300w, https:\/\/www.friedensplattform.at\/wp-content\/uploads\/2018\/03\/P3100621-1-768x576.jpg 768w, https:\/\/www.friedensplattform.at\/wp-content\/uploads\/2018\/03\/P3100621-1-1024x768.jpg 1024w\" sizes=\"auto, (max-width: 300px) 100vw, 300px\" \/><\/a><\/p>\n<p><a href=\"http:\/\/www.friedensplattform.at\/wp-content\/uploads\/2018\/03\/BDS-Flugblatt.pdf\">BDS Flugblatt<\/a><\/p>\n","protected":false},"excerpt":{"rendered":"<p>Anl\u00e4sslich der Internationalen Israel Apartheid Week informierte Pal\u00e4stina Solidarit\u00e4t Steiermark mit einem Infotisch, Infobl\u00e4ttern und Ansprachen \u00fcber die BDS (Boykott-Desinvestion-Sanktions) Bewegung: Ursprung, Beweggr\u00fcnde, Ziele, sowie \u00fcber Geschichte und aktuelle Situation der Pal\u00e4stinenserInnen. SAMSTAG, 10.3.2018 von 13:00 bis 16:00 am EISERNEN TOR (Springbrunnen bei Jakominiplatz) &nbsp;<\/p>\n","protected":false},"author":5,"featured_media":0,"comment_status":"open","ping_status":"open","sticky":false,"template":"","format":"standard","meta":{"footnotes":""},"categories":[1,18],"tags":[41],"class_list":["post-4545","post","type-post","status-publish","format-standard","hentry","category-allgemein","category-palaestina-solidaritaet","tag-palaestina-apartheid"],"_links":{"self":[{"href":"https:\/\/www.friedensplattform.at\/index.php?rest_route=\/wp\/v2\/posts\/4545","targetHints":{"allow":["GET"]}}],"collection":[{"href":"https:\/\/www.friedensplattform.at\/index.php?rest_route=\/wp\/v2\/posts"}],"about":[{"href":"https:\/\/www.friedensplattform.at\/index.php?rest_route=\/wp\/v2\/types\/post"}],"author":[{"embeddable":true,"href":"https:\/\/www.friedensplattform.at\/index.php?rest_route=\/wp\/v2\/users\/5"}],"replies":[{"embeddable":true,"href":"https:\/\/www.friedensplattform.at\/index.php?rest_route=%2Fwp%2Fv2%2Fcomments&post=4545"}],"version-history":[{"count":5,"href":"https:\/\/www.friedensplattform.at\/index.php?rest_route=\/wp\/v2\/posts\/4545\/revisions"}],"predecessor-version":[{"id":4560,"href":"https:\/\/www.friedensplattform.at\/index.php?rest_route=\/wp\/v2\/posts\/4545\/revisions\/4560"}],"wp:attachment":[{"href":"https:\/\/www.friedensplattform.at\/index.php?rest_route=%2Fwp%2Fv2%2Fmedia&parent=4545"}],"wp:term":[{"taxonomy":"category","embeddable":true,"href":"https:\/\/www.friedensplattform.at\/index.php?rest_route=%2Fwp%2Fv2%2Fcategories&post=4545"},{"taxonomy":"post_tag","embeddable":true,"href":"https:\/\/www.friedensplattform.at\/index.php?rest_route=%2Fwp%2Fv2%2Ftags&post=4545"}],"curies":[{"name":"wp","href":"https:\/\/api.w.org\/{rel}","templated":true}]}}