{"id":4569,"date":"2018-03-23T08:24:34","date_gmt":"2018-03-23T08:24:34","guid":{"rendered":"http:\/\/www.friedensplattform.at\/?p=4569"},"modified":"2018-04-14T18:30:13","modified_gmt":"2018-04-14T18:30:13","slug":"einladung-zur-buchpraesentation-land-der-integren","status":"publish","type":"post","link":"https:\/\/www.friedensplattform.at\/?p=4569","title":{"rendered":"Einladung zur Buchpr\u00e4sentation: \u00b4Land der Integren\u00b4"},"content":{"rendered":"<p><strong>Am Beispiel Burkina Faso: <\/strong><\/p>\n<p><strong>(Neo)Kolonialismus und Widerstand &#8211; <\/strong><br \/>\n<strong>unter der besonderen Ber\u00fccksichtigung der Lage der Frauen<\/strong><\/p>\n<p>Buchpr\u00e4sentation mit dem Autor <strong>G\u00fcnther Lanier<\/strong><\/p>\n<p><strong>Donnerstag, 12. April 2018<br \/>\n<\/strong>19 Uhr<br \/>\nWeltladen Graz,<br \/>\nReitschulgasse 14, 8010 Graz<br \/>\n<a href=\"http:\/\/www.friedensplattform.at\/wp-content\/uploads\/2018\/03\/Burkina_Faso_Cover_rgb.jpg\"><img loading=\"lazy\" decoding=\"async\" class=\"alignnone size-medium wp-image-4570\" src=\"http:\/\/www.friedensplattform.at\/wp-content\/uploads\/2018\/03\/Burkina_Faso_Cover_rgb-210x300.jpg\" alt=\"\" width=\"210\" height=\"300\" srcset=\"https:\/\/www.friedensplattform.at\/wp-content\/uploads\/2018\/03\/Burkina_Faso_Cover_rgb-210x300.jpg 210w, https:\/\/www.friedensplattform.at\/wp-content\/uploads\/2018\/03\/Burkina_Faso_Cover_rgb.jpg 428w\" sizes=\"auto, (max-width: 210px) 100vw, 210px\" \/><\/a><\/p>\n<p><!--more--><\/p>\n<p><a href=\"http:\/\/www.friedensplattform.at\/wp-content\/uploads\/2018\/03\/Burkina_Flyer_Einladung.pdf\">Burkina_Flyer_Einladung<\/a><\/p>\n","protected":false},"excerpt":{"rendered":"<p>Am Beispiel Burkina Faso: (Neo)Kolonialismus und Widerstand &#8211; unter der besonderen Ber\u00fccksichtigung der Lage der Frauen Buchpr\u00e4sentation mit dem Autor G\u00fcnther Lanier Donnerstag, 12. April 2018 19 Uhr Weltladen Graz, Reitschulgasse 14, 8010 Graz<\/p>\n","protected":false},"author":5,"featured_media":0,"comment_status":"open","ping_status":"open","sticky":false,"template":"","format":"standard","meta":{"footnotes":""},"categories":[1,21],"tags":[46],"class_list":["post-4569","post","type-post","status-publish","format-standard","hentry","category-allgemein","category-veranstaltungshinweise","tag-neokolonialismus-frauen-burkina-faso"],"_links":{"self":[{"href":"https:\/\/www.friedensplattform.at\/index.php?rest_route=\/wp\/v2\/posts\/4569","targetHints":{"allow":["GET"]}}],"collection":[{"href":"https:\/\/www.friedensplattform.at\/index.php?rest_route=\/wp\/v2\/posts"}],"about":[{"href":"https:\/\/www.friedensplattform.at\/index.php?rest_route=\/wp\/v2\/types\/post"}],"author":[{"embeddable":true,"href":"https:\/\/www.friedensplattform.at\/index.php?rest_route=\/wp\/v2\/users\/5"}],"replies":[{"embeddable":true,"href":"https:\/\/www.friedensplattform.at\/index.php?rest_route=%2Fwp%2Fv2%2Fcomments&post=4569"}],"version-history":[{"count":1,"href":"https:\/\/www.friedensplattform.at\/index.php?rest_route=\/wp\/v2\/posts\/4569\/revisions"}],"predecessor-version":[{"id":4572,"href":"https:\/\/www.friedensplattform.at\/index.php?rest_route=\/wp\/v2\/posts\/4569\/revisions\/4572"}],"wp:attachment":[{"href":"https:\/\/www.friedensplattform.at\/index.php?rest_route=%2Fwp%2Fv2%2Fmedia&parent=4569"}],"wp:term":[{"taxonomy":"category","embeddable":true,"href":"https:\/\/www.friedensplattform.at\/index.php?rest_route=%2Fwp%2Fv2%2Fcategories&post=4569"},{"taxonomy":"post_tag","embeddable":true,"href":"https:\/\/www.friedensplattform.at\/index.php?rest_route=%2Fwp%2Fv2%2Ftags&post=4569"}],"curies":[{"name":"wp","href":"https:\/\/api.w.org\/{rel}","templated":true}]}}