{"id":4573,"date":"2018-03-23T15:11:29","date_gmt":"2018-03-23T15:11:29","guid":{"rendered":"http:\/\/www.friedensplattform.at\/?p=4573"},"modified":"2018-11-25T13:22:35","modified_gmt":"2018-11-25T13:22:35","slug":"why-warum","status":"publish","type":"post","link":"https:\/\/www.friedensplattform.at\/?p=4573","title":{"rendered":"Why? Warum? Rede 8. M\u00e4rz"},"content":{"rendered":"<p>Rede einer pal\u00e4stinensischen Frau auf der 8. M\u00e4rz-Demo 2018 Graz und Artikel zu Ahed Tamimi<!--more--><\/p>\n<p>Ich spreche heute \u00fcber die pal\u00e4stinensische Frau.<\/p>\n<p>Sie ist eine Frau, die immer gegen Schwierigkeiten k\u00e4mpft.<\/p>\n<p>Gaza ist unter Blockade. Dort muss sie mit wenig Strom, wenig Medikamenten auskommen. Sie kann nicht reisen. Im Westjordanland und in Jerusalem ist sie der Gewalt israelischer Siedler ausgesetzt. Sie wollen sie von Haus und Grund vertreiben. Israelische Soldaten dem\u00fctigen sie an den Checkpoints. Oft k\u00f6nnen schwangere Frauen nicht ins Spital gebracht werden, weil die Stra\u00dfen gesperrt sind. Die Soldaten lassen niemanden durch. Das israelische Apartheidsystem unterdr\u00fcckt sie als Pal\u00e4stinenserin und als Frau.<\/p>\n<p>Trotz ihrer Lage sucht sie die Bildung und die Arbeit au\u00dfer Haus. Sie geht zur Schule, zur Uni. Im Vergleich zu anderen arabischen L\u00e4ndern haben 99% der pal\u00e4stinensischen Frauen mindestens Grundbildung.<\/p>\n<p>Sie gibt das Wissen \u00fcber die Geschichte Pal\u00e4stinas an ihre Kinder weiter. Jedes Kind in Pal\u00e4stina wei\u00df, was bei der gro\u00dfen Vertreibung 1948 geschah. Die Kinder der Besatzung haben keine Kindheit, wie die Kinder hier in Europa. Wenn das Kind einen Stein in die Hand nimmt, wei\u00df es: Ich werfe ihn f\u00fcr mein Land. Ich werfe ihn gegen den Soldaten und sage ihm damit: Lass meine Familie, lass meine Wohnung in Ruhe!<\/p>\n<p>Kinder kommen deshalb ins Gef\u00e4ngnis.\u00a0 12 000 pal\u00e4stinensische Minderj\u00e4hrige zwischen 12 und 17 wurden seit dem Jahr 2000 von israelischen Soldaten festgenommen, die meisten wegen Steinw\u00fcrfen.<\/p>\n<p>Die pal\u00e4stinensische Frau arbeitet als \u00c4rztin, als Journalistin. Als Kleinb\u00e4uerin und als Hausfrau macht sie alles selbst: K\u00e4se, Joghurt, Brot. Sie versucht aus dem Wenigen was Gro\u00dfartiges zu machen.<\/p>\n<p>Sie sucht das Positive. Sie k\u00e4mpft mit Freude. Sie sagt: Das ist woqaa, das echte Leben. Wir m\u00fcssen jetzt so leben, es gibt keine andere Wahl. Es gibt keine schnelle Ver\u00e4nderung. Jeder Schicksalsschlag ist das echte Leben.<\/p>\n<p>Viele Frauen leben alleine. Der Mann ist im Gef\u00e4ngnis. Die Familien unterst\u00fctzen sich gegenseitig. Die Frauen helfen sich.<\/p>\n<p>Frauen sind im Gef\u00e4ngnis. Innerhalb der letzten 46 Jahre wurden mehr als 10.000 pal\u00e4stinensische Frauen verhaftet. Es gibt Schl\u00e4ge, Beleidigungen, Drohungen, sexuelle Gewalt. Menschenrechtsorganisationen protestieren dagegen.<\/p>\n<p>Frauen in Pal\u00e4stina leisten Widerstand. Sie k\u00e4mpfen um W\u00fcrde und Selbstbestimmung. F\u00fcr sich und f\u00fcr alle Frauen auf der Welt.<\/p>\n<p>Weltweit bekannt wurde Ahed Tamimi, 16 Jahre alt, als sie sich gegen ihre Verhaftung wehrte. Sie hat schon mit 11 Jahren gegen die Verhaftung ihrer Mutter protestiert. Ahed Tamimi und ihre Mutter sind jetzt im Gef\u00e4ngnis. Es gibt viele Frauen wie Ahed Tamimi.<\/p>\n<p>Wir k\u00f6nnen viel von den pal\u00e4stinensischen Frauen lernen: Mut, Durchhaltekraft, Zuversicht und Lebensfreude.<\/p>\n<p>Wir solidarisieren uns mit den Frauen in Pal\u00e4stina, in Syrien, in Jemen, in Irak und Afghanistan und \u00fcberall wo Krieg und Unterdr\u00fcckung herrschen.<\/p>\n<p>Der arabische Fr\u00fchling lebt!<\/p>\n<p>Freiheit f\u00fcr Pal\u00e4stina!<\/p>\n<p>Hoch die Frauensolidarit\u00e4t!<\/p>\n<p>&#8212;&#8212;&#8212;&#8212;&#8212;&#8212;&#8212;&#8212;&#8212;-************************************<\/p>\n<p>Was f\u00fcr ein Staat! &#8211; Das Urteil gegen Ahed Tamimi ist ein Symbol f\u00fcr die Hinf\u00e4lligkeit und Dekadenz des Zionismus<\/p>\n<p><a href=\"http:\/\/www.palaestina-portal.eu\/2018%2003%2023.html\">http:\/\/www.palaestina-portal.eu\/2018%2003%2023.html<\/a><\/p>\n","protected":false},"excerpt":{"rendered":"<p>Rede einer pal\u00e4stinensischen Frau auf der 8. M\u00e4rz-Demo 2018 Graz und Artikel zu Ahed Tamimi<\/p>\n","protected":false},"author":5,"featured_media":0,"comment_status":"open","ping_status":"open","sticky":false,"template":"","format":"standard","meta":{"footnotes":""},"categories":[18],"tags":[48],"class_list":["post-4573","post","type-post","status-publish","format-standard","hentry","category-palaestina-solidaritaet","tag-palaestina-politische-gefangene-frauenrechte"],"_links":{"self":[{"href":"https:\/\/www.friedensplattform.at\/index.php?rest_route=\/wp\/v2\/posts\/4573","targetHints":{"allow":["GET"]}}],"collection":[{"href":"https:\/\/www.friedensplattform.at\/index.php?rest_route=\/wp\/v2\/posts"}],"about":[{"href":"https:\/\/www.friedensplattform.at\/index.php?rest_route=\/wp\/v2\/types\/post"}],"author":[{"embeddable":true,"href":"https:\/\/www.friedensplattform.at\/index.php?rest_route=\/wp\/v2\/users\/5"}],"replies":[{"embeddable":true,"href":"https:\/\/www.friedensplattform.at\/index.php?rest_route=%2Fwp%2Fv2%2Fcomments&post=4573"}],"version-history":[{"count":10,"href":"https:\/\/www.friedensplattform.at\/index.php?rest_route=\/wp\/v2\/posts\/4573\/revisions"}],"predecessor-version":[{"id":4901,"href":"https:\/\/www.friedensplattform.at\/index.php?rest_route=\/wp\/v2\/posts\/4573\/revisions\/4901"}],"wp:attachment":[{"href":"https:\/\/www.friedensplattform.at\/index.php?rest_route=%2Fwp%2Fv2%2Fmedia&parent=4573"}],"wp:term":[{"taxonomy":"category","embeddable":true,"href":"https:\/\/www.friedensplattform.at\/index.php?rest_route=%2Fwp%2Fv2%2Fcategories&post=4573"},{"taxonomy":"post_tag","embeddable":true,"href":"https:\/\/www.friedensplattform.at\/index.php?rest_route=%2Fwp%2Fv2%2Ftags&post=4573"}],"curies":[{"name":"wp","href":"https:\/\/api.w.org\/{rel}","templated":true}]}}