{"id":4583,"date":"2018-03-30T08:39:19","date_gmt":"2018-03-30T08:39:19","guid":{"rendered":"http:\/\/www.friedensplattform.at\/?p=4583"},"modified":"2018-03-30T09:03:23","modified_gmt":"2018-03-30T09:03:23","slug":"fuehrender-hamas-angehoeriger-sagt-ich-glaube-dass-wir-alle-in-diesem-land-leben-koennen-muslime-christen-und-juden","status":"publish","type":"post","link":"https:\/\/www.friedensplattform.at\/?p=4583","title":{"rendered":"F\u00fchrender Hamas-Angeh\u00f6riger sagt: Ich glaube, dass wir alle in diesem Land leben k\u00f6nnen \u2013 Muslime, Christen und Juden"},"content":{"rendered":"<blockquote><p>Der Haaretz-Journalist Nir Gontarz hat ein Interview mit Dr. Ahmed Yousef von der Hamas in Gaza gefuehrt.<\/p>\n<p>F\u00fchrender Hamas-Angeh\u00f6riger sagt: Ich glaube, dass wir alle in diesem Land leben k\u00f6nnen \u2013 Muslime, Christen und Juden<\/p>\n<p>&nbsp;<\/p>\n<p><a href=\"http:\/\/www.friedensplattform.at\/wp-content\/uploads\/2018\/03\/Interview-Hamas-.pdf\">Interview Hamas<\/a><\/p><\/blockquote>\n","protected":false},"excerpt":{"rendered":"<p>Der Haaretz-Journalist Nir Gontarz hat ein Interview mit Dr. Ahmed Yousef von der Hamas in Gaza gefuehrt. F\u00fchrender Hamas-Angeh\u00f6riger sagt: Ich glaube, dass wir alle in diesem Land leben k\u00f6nnen \u2013 Muslime, Christen und Juden &nbsp; Interview Hamas<\/p>\n","protected":false},"author":5,"featured_media":0,"comment_status":"open","ping_status":"open","sticky":false,"template":"","format":"standard","meta":{"footnotes":""},"categories":[1],"tags":[],"class_list":["post-4583","post","type-post","status-publish","format-standard","hentry","category-allgemein"],"_links":{"self":[{"href":"https:\/\/www.friedensplattform.at\/index.php?rest_route=\/wp\/v2\/posts\/4583","targetHints":{"allow":["GET"]}}],"collection":[{"href":"https:\/\/www.friedensplattform.at\/index.php?rest_route=\/wp\/v2\/posts"}],"about":[{"href":"https:\/\/www.friedensplattform.at\/index.php?rest_route=\/wp\/v2\/types\/post"}],"author":[{"embeddable":true,"href":"https:\/\/www.friedensplattform.at\/index.php?rest_route=\/wp\/v2\/users\/5"}],"replies":[{"embeddable":true,"href":"https:\/\/www.friedensplattform.at\/index.php?rest_route=%2Fwp%2Fv2%2Fcomments&post=4583"}],"version-history":[{"count":6,"href":"https:\/\/www.friedensplattform.at\/index.php?rest_route=\/wp\/v2\/posts\/4583\/revisions"}],"predecessor-version":[{"id":4602,"href":"https:\/\/www.friedensplattform.at\/index.php?rest_route=\/wp\/v2\/posts\/4583\/revisions\/4602"}],"wp:attachment":[{"href":"https:\/\/www.friedensplattform.at\/index.php?rest_route=%2Fwp%2Fv2%2Fmedia&parent=4583"}],"wp:term":[{"taxonomy":"category","embeddable":true,"href":"https:\/\/www.friedensplattform.at\/index.php?rest_route=%2Fwp%2Fv2%2Fcategories&post=4583"},{"taxonomy":"post_tag","embeddable":true,"href":"https:\/\/www.friedensplattform.at\/index.php?rest_route=%2Fwp%2Fv2%2Ftags&post=4583"}],"curies":[{"name":"wp","href":"https:\/\/api.w.org\/{rel}","templated":true}]}}