{"id":459,"date":"2008-12-26T21:23:30","date_gmt":"2008-12-26T19:23:30","guid":{"rendered":"http:\/\/www.luxorbis.org\/friedensplattform.at\/?p=459"},"modified":"2008-12-26T21:23:30","modified_gmt":"2008-12-26T19:23:30","slug":"artikel-auf-dielinke-israel-gaza-voelkermord","status":"publish","type":"post","link":"https:\/\/www.friedensplattform.at\/?p=459","title":{"rendered":"Artikel auf dieLinke: Israel &#8211; Gaza: V&#246;lkermord?"},"content":{"rendered":"<p><em>Michel Warschawski<\/em><br \/>\n\u201eGaza brennt&#8220;, schreibt die franz\u00f6sische Aktivistin Liliane Cordova Kaczerginski und verwendet dabei die Worte aus einem bekannten Lied \u00fcber eine j\u00fcdisches Dorf, das von den Nazis zerst\u00f6rt wurde. Wie vor sechzig Jahren brennt Gaza &#8211; und die Welt schweigt und wartet auf das Ergebnis des nicht existierenden Friedensprozesses.<\/p>\n<p><a title=\"dieLinke\" href=\"http:\/\/dielinke.at\/artikel\/international\/israel-gaza-volkermord\" target=\"_blank\">Weiterlesen auf dieLinke<\/a><\/p>\n","protected":false},"excerpt":{"rendered":"<p>Michel Warschawski \u201eGaza brennt&#8220;, schreibt die franz\u00f6sische Aktivistin Liliane Cordova Kaczerginski und verwendet dabei die Worte aus einem bekannten Lied \u00fcber eine j\u00fcdisches Dorf, das von den Nazis zerst\u00f6rt wurde. Wie vor sechzig Jahren brennt Gaza &#8211; und die Welt schweigt und wartet auf das Ergebnis des nicht existierenden Friedensprozesses. Weiterlesen auf dieLinke<\/p>\n","protected":false},"author":1,"featured_media":0,"comment_status":"open","ping_status":"open","sticky":false,"template":"","format":"standard","meta":{"footnotes":""},"categories":[5],"tags":[],"class_list":["post-459","post","type-post","status-publish","format-standard","hentry","category-arabischer-raum"],"_links":{"self":[{"href":"https:\/\/www.friedensplattform.at\/index.php?rest_route=\/wp\/v2\/posts\/459","targetHints":{"allow":["GET"]}}],"collection":[{"href":"https:\/\/www.friedensplattform.at\/index.php?rest_route=\/wp\/v2\/posts"}],"about":[{"href":"https:\/\/www.friedensplattform.at\/index.php?rest_route=\/wp\/v2\/types\/post"}],"author":[{"embeddable":true,"href":"https:\/\/www.friedensplattform.at\/index.php?rest_route=\/wp\/v2\/users\/1"}],"replies":[{"embeddable":true,"href":"https:\/\/www.friedensplattform.at\/index.php?rest_route=%2Fwp%2Fv2%2Fcomments&post=459"}],"version-history":[{"count":0,"href":"https:\/\/www.friedensplattform.at\/index.php?rest_route=\/wp\/v2\/posts\/459\/revisions"}],"wp:attachment":[{"href":"https:\/\/www.friedensplattform.at\/index.php?rest_route=%2Fwp%2Fv2%2Fmedia&parent=459"}],"wp:term":[{"taxonomy":"category","embeddable":true,"href":"https:\/\/www.friedensplattform.at\/index.php?rest_route=%2Fwp%2Fv2%2Fcategories&post=459"},{"taxonomy":"post_tag","embeddable":true,"href":"https:\/\/www.friedensplattform.at\/index.php?rest_route=%2Fwp%2Fv2%2Ftags&post=459"}],"curies":[{"name":"wp","href":"https:\/\/api.w.org\/{rel}","templated":true}]}}