{"id":4610,"date":"2018-04-01T22:05:27","date_gmt":"2018-04-01T22:05:27","guid":{"rendered":"http:\/\/www.friedensplattform.at\/?p=4610"},"modified":"2018-04-01T22:05:28","modified_gmt":"2018-04-01T22:05:28","slug":"weltgewerkschaftsbund-verurteilt-israelisches-massaker","status":"publish","type":"post","link":"https:\/\/www.friedensplattform.at\/?p=4610","title":{"rendered":"Weltgewerkschaftsbund verurteilt israelisches Massaker"},"content":{"rendered":"<p>Der Weltgewerkschaftsbund verurteilt entschieden das Massaker der israelischen Armee am Volk Pal\u00e4stinas.\u00a0\u00a0\u00a0\u00a0\u00a0\u00a0\u00a0\u00a0\u00a0 Der mehr als 92 Millionen Arbeiter in 126 L\u00e4ndern \u00fcberall auf der Welt repr\u00e4sentierende Weltgewerkschaftsbund unterst\u00fctzt den heldenhaften Kampf und die Proteste unserer Br\u00fcder und Schwestern aus Pal\u00e4stina.<!--more--><\/p>\n<p>Als aktive weltweite Gewerkschaftsbewegung werden wir unsere Unterst\u00fctzung und Solidarit\u00e4t f\u00fcr ein Ende des Blutvergie\u00dfens und der Besatzung gegen das Volk Pal\u00e4stinas und f\u00fcr die Anerkennung des freien Staates Pal\u00e4stinas in den Grenzen von 1967 und Ost-Jerusalem als seiner Hauptstadt fortsetzen.<\/p>\n<p>Lang lebe der heldenhafte Kampf des Volkes von Pal\u00e4stina!<\/p>\n<p>Das Sekretariat<\/p>\n<p>Quelle: <a href=\"http:\/\/www.wftucentral.org\/palestine-the-wftu-strongly-denounces-the-massacre-of-the-people-of-palestine-by-the-israeli-army\/\" target=\"_blank\" rel=\"noopener noreferrer\">Weltgewerkschaftsbund<\/a> \/ \u00dcbersetzung: RedGlobe<\/p>\n","protected":false},"excerpt":{"rendered":"<p>Der Weltgewerkschaftsbund verurteilt entschieden das Massaker der israelischen Armee am Volk Pal\u00e4stinas.\u00a0\u00a0\u00a0\u00a0\u00a0\u00a0\u00a0\u00a0\u00a0 Der mehr als 92 Millionen Arbeiter in 126 L\u00e4ndern \u00fcberall auf der Welt repr\u00e4sentierende Weltgewerkschaftsbund unterst\u00fctzt den heldenhaften Kampf und die Proteste unserer Br\u00fcder und Schwestern aus Pal\u00e4stina.<\/p>\n","protected":false},"author":3,"featured_media":0,"comment_status":"open","ping_status":"open","sticky":false,"template":"","format":"standard","meta":{"footnotes":""},"categories":[6,18],"tags":[],"class_list":["post-4610","post","type-post","status-publish","format-standard","hentry","category-arbeiterinnenbewegung","category-palaestina-solidaritaet"],"_links":{"self":[{"href":"https:\/\/www.friedensplattform.at\/index.php?rest_route=\/wp\/v2\/posts\/4610","targetHints":{"allow":["GET"]}}],"collection":[{"href":"https:\/\/www.friedensplattform.at\/index.php?rest_route=\/wp\/v2\/posts"}],"about":[{"href":"https:\/\/www.friedensplattform.at\/index.php?rest_route=\/wp\/v2\/types\/post"}],"author":[{"embeddable":true,"href":"https:\/\/www.friedensplattform.at\/index.php?rest_route=\/wp\/v2\/users\/3"}],"replies":[{"embeddable":true,"href":"https:\/\/www.friedensplattform.at\/index.php?rest_route=%2Fwp%2Fv2%2Fcomments&post=4610"}],"version-history":[{"count":1,"href":"https:\/\/www.friedensplattform.at\/index.php?rest_route=\/wp\/v2\/posts\/4610\/revisions"}],"predecessor-version":[{"id":4611,"href":"https:\/\/www.friedensplattform.at\/index.php?rest_route=\/wp\/v2\/posts\/4610\/revisions\/4611"}],"wp:attachment":[{"href":"https:\/\/www.friedensplattform.at\/index.php?rest_route=%2Fwp%2Fv2%2Fmedia&parent=4610"}],"wp:term":[{"taxonomy":"category","embeddable":true,"href":"https:\/\/www.friedensplattform.at\/index.php?rest_route=%2Fwp%2Fv2%2Fcategories&post=4610"},{"taxonomy":"post_tag","embeddable":true,"href":"https:\/\/www.friedensplattform.at\/index.php?rest_route=%2Fwp%2Fv2%2Ftags&post=4610"}],"curies":[{"name":"wp","href":"https:\/\/api.w.org\/{rel}","templated":true}]}}