{"id":4629,"date":"2018-04-15T20:39:33","date_gmt":"2018-04-15T20:39:33","guid":{"rendered":"http:\/\/www.friedensplattform.at\/?p=4629"},"modified":"2018-04-15T20:44:23","modified_gmt":"2018-04-15T20:44:23","slug":"nakba-infotisch-in-graz","status":"publish","type":"post","link":"https:\/\/www.friedensplattform.at\/?p=4629","title":{"rendered":"NAKBA &#8211; Infotisch in Graz"},"content":{"rendered":"<p>Pal\u00e4stina Solidarit\u00e4t Steiermark erinnert mit einem Informationstisch an die NAKBA, die Katastrophe, die das pal\u00e4stinensische Volk anl\u00e4sslich der Staatsgr\u00fcndung Israels 1948 mit voller Wucht traf, indem in den Jahren von 1947 bis 1949 mehr als 700.000 Pal\u00e4stinenserInnen fl\u00fcchten mussten, mehr als 420 D\u00f6rfer zerst\u00f6rt wurden und zahlreiche Massaker stattfanden.<\/p>\n<p><a href=\"http:\/\/www.friedensplattform.at\/wp-content\/uploads\/2018\/04\/Infotisch140418.jpg\"><img loading=\"lazy\" decoding=\"async\" class=\"alignnone size-medium wp-image-4632\" src=\"http:\/\/www.friedensplattform.at\/wp-content\/uploads\/2018\/04\/Infotisch140418-300x225.jpg\" alt=\"\" width=\"300\" height=\"225\" srcset=\"https:\/\/www.friedensplattform.at\/wp-content\/uploads\/2018\/04\/Infotisch140418-300x225.jpg 300w, https:\/\/www.friedensplattform.at\/wp-content\/uploads\/2018\/04\/Infotisch140418-768x576.jpg 768w, https:\/\/www.friedensplattform.at\/wp-content\/uploads\/2018\/04\/Infotisch140418-1024x768.jpg 1024w\" sizes=\"auto, (max-width: 300px) 100vw, 300px\" \/><\/a><\/p>\n<p>Am Samstag den 14. April 2018 waren wir am Eisernen Tor, hielten Reden, verteilten Flugbl\u00e4tter und f\u00fchrten viele pers\u00f6nliche Gespr\u00e4che.<\/p>\n<p>&nbsp;<\/p>\n<p>Weitere Veranstaltungen finden am Hauptplatz statt und zwar am Samstag den 21. April, Samstag 28.April, Freitag 4. Mai und Samstag 12. Mai 2018.<\/p>\n<p><a href=\"http:\/\/www.friedensplattform.at\/wp-content\/uploads\/2018\/04\/Die-Naqba.pdf\">Die Naqba<\/a><\/p>\n<p><a href=\"http:\/\/www.friedensplattform.at\/wp-content\/uploads\/2018\/04\/Flugblatt-april-2018.pdf\">Flugblatt april 2018<\/a><\/p>\n","protected":false},"excerpt":{"rendered":"<p>Pal\u00e4stina Solidarit\u00e4t Steiermark erinnert mit einem Informationstisch an die NAKBA, die Katastrophe, die das pal\u00e4stinensische Volk anl\u00e4sslich der Staatsgr\u00fcndung Israels 1948 mit voller Wucht traf, indem in den Jahren von 1947 bis 1949 mehr als 700.000 Pal\u00e4stinenserInnen fl\u00fcchten mussten, mehr als 420 D\u00f6rfer zerst\u00f6rt wurden und zahlreiche Massaker stattfanden. Am Samstag den 14. April 2018 &hellip; <a href=\"https:\/\/www.friedensplattform.at\/?p=4629\" class=\"more-link\"><span class=\"screen-reader-text\">NAKBA &#8211; Infotisch in Graz<\/span> weiterlesen <span class=\"meta-nav\">&rarr;<\/span><\/a><\/p>\n","protected":false},"author":5,"featured_media":0,"comment_status":"open","ping_status":"open","sticky":false,"template":"","format":"standard","meta":{"footnotes":""},"categories":[1,18,19,21],"tags":[],"class_list":["post-4629","post","type-post","status-publish","format-standard","hentry","category-allgemein","category-palaestina-solidaritaet","category-termine","category-veranstaltungshinweise"],"_links":{"self":[{"href":"https:\/\/www.friedensplattform.at\/index.php?rest_route=\/wp\/v2\/posts\/4629","targetHints":{"allow":["GET"]}}],"collection":[{"href":"https:\/\/www.friedensplattform.at\/index.php?rest_route=\/wp\/v2\/posts"}],"about":[{"href":"https:\/\/www.friedensplattform.at\/index.php?rest_route=\/wp\/v2\/types\/post"}],"author":[{"embeddable":true,"href":"https:\/\/www.friedensplattform.at\/index.php?rest_route=\/wp\/v2\/users\/5"}],"replies":[{"embeddable":true,"href":"https:\/\/www.friedensplattform.at\/index.php?rest_route=%2Fwp%2Fv2%2Fcomments&post=4629"}],"version-history":[{"count":6,"href":"https:\/\/www.friedensplattform.at\/index.php?rest_route=\/wp\/v2\/posts\/4629\/revisions"}],"predecessor-version":[{"id":4638,"href":"https:\/\/www.friedensplattform.at\/index.php?rest_route=\/wp\/v2\/posts\/4629\/revisions\/4638"}],"wp:attachment":[{"href":"https:\/\/www.friedensplattform.at\/index.php?rest_route=%2Fwp%2Fv2%2Fmedia&parent=4629"}],"wp:term":[{"taxonomy":"category","embeddable":true,"href":"https:\/\/www.friedensplattform.at\/index.php?rest_route=%2Fwp%2Fv2%2Fcategories&post=4629"},{"taxonomy":"post_tag","embeddable":true,"href":"https:\/\/www.friedensplattform.at\/index.php?rest_route=%2Fwp%2Fv2%2Ftags&post=4629"}],"curies":[{"name":"wp","href":"https:\/\/api.w.org\/{rel}","templated":true}]}}