{"id":4676,"date":"2018-04-25T15:02:16","date_gmt":"2018-04-25T15:02:16","guid":{"rendered":"http:\/\/www.friedensplattform.at\/?p=4676"},"modified":"2018-05-13T21:38:38","modified_gmt":"2018-05-13T21:38:38","slug":"auf-afrikanischen-spuren-in-graz-spaziergang-mit-dem-wiener-afrika-historiker-univ-prof-dr-walter-sauer","status":"publish","type":"post","link":"https:\/\/www.friedensplattform.at\/?p=4676","title":{"rendered":"Auf afrikanischen Spuren in Graz.  Spaziergang mit dem Wiener Afrika-Historiker Univ. Prof. Dr. Walter Sauer"},"content":{"rendered":"<h3><a href=\"http:\/\/www.friedensplattform.at\/wp-content\/uploads\/2018\/04\/Flyer-Afrikanisches-Graz-3.pdf\">Flyer Afrikanisches Graz-3<\/a><\/h3>\n<h3><span style=\"font-size: medium;\"><strong>Autor des Buches Expeditionen in das Afrikanische \u00d6sterreich. Wien 2014.<br \/>\n<\/strong><\/span><\/h3>\n<h3><span style=\"font-size: medium;\"><strong>Donnerstag, 3. Mai, 2018; 17:30 Uhr<br \/>\n<\/strong><\/span><\/h3>\n<h3><span style=\"font-size: medium;\"><strong>Start: Afro-Asiatisches Institut, Leechgasse 24, 8020 Graz<\/strong><\/span><\/h3>\n<p>&nbsp;<\/p>\n<p><!--more--><\/p>\n<p><span style=\"font-size: medium;\">Veranstalter: Steirische Friedensplattform in Kooperation mit AAI, BAODO \/ NIL-Kunstraum+Cafe, Pax Christi, SADOCC, S\u00fcdwind.<br \/>\n<\/span><\/p>\n<ul>\n<li><span style=\"font-size: medium;\"><br \/>\n<\/span><\/li>\n<\/ul>\n<p><b><span style=\"font-size: medium;\">Die NS-Verbrechen am Feliferhof.<br \/>\n<\/span><\/b><\/p>\n<p><span style=\"font-size: medium;\"><b>Ein Beitrag zum Gedenkjahr &#8222;80 Jahre Anschlu\u00df \u00d6sterreichs an <\/b><b>Nazi-<\/b><b>D<\/b><b>eutschland&#8220;<\/b><br \/>\n<\/span><\/p>\n<p><span style=\"font-size: medium;\">Besuch der Bundesherr-Gedenkst\u00e4tte am Milit\u00e4rschie\u00dfplatz Feliferhof in Graz-Wetzelsdorf<br \/>\n<\/span><\/p>\n<p><span style=\"font-size: medium;\">Mit<br \/>\n<\/span><\/p>\n<ul>\n<li><span style=\"font-size: medium;\">Oberst a.D. Manfred Oswald, Tr\u00e4ger des Menschenrechtspreises des Landes Steiermark 2009<\/span><\/li>\n<li><span style=\"font-size: medium;\">Oberst Gerhard Schweiger, Leiter des Bereichs \u00d6ffentlichkeit beim Milit\u00e4rkommando Steiermark<br \/>\n<\/span><\/li>\n<\/ul>\n<p><b><span style=\"font-size: medium;\">Samstag, 5. Mai 2018; 14:00 Uhr<\/span><\/b><\/p>\n<p><b><span style=\"font-size: medium;\">Treffpunkt: Parkplatz am Feliferhof<\/span><\/b><\/p>\n<p><span style=\"font-size: medium;\">Zufahrt \u00fcber Steinbergstra\u00dfe &#8211; 100 m vor dem GH Dorrer links hinauf, dann ca. 500 m immer den gr\u00fcnen Wegweiser &#8222;Schie\u00dfplatz Feliferhof&#8220; folgen.\u00a0 m.<br \/>\n<\/span><\/p>\n<p>&nbsp;<\/p>\n<p><span style=\"font-size: medium;\">Veranstalter: Steirische Friedensplattform in Kooperation mit der \u00d6sterreichischen Liga f\u00fcr Menschenrechte und Pax Christi Steiermark.<\/span><\/p>\n","protected":false},"excerpt":{"rendered":"<p>Flyer Afrikanisches Graz-3 Autor des Buches Expeditionen in das Afrikanische \u00d6sterreich. Wien 2014. Donnerstag, 3. Mai, 2018; 17:30 Uhr Start: Afro-Asiatisches Institut, Leechgasse 24, 8020 Graz &nbsp;<\/p>\n","protected":false},"author":2,"featured_media":0,"comment_status":"open","ping_status":"open","sticky":false,"template":"","format":"standard","meta":{"footnotes":""},"categories":[1],"tags":[],"class_list":["post-4676","post","type-post","status-publish","format-standard","hentry","category-allgemein"],"_links":{"self":[{"href":"https:\/\/www.friedensplattform.at\/index.php?rest_route=\/wp\/v2\/posts\/4676","targetHints":{"allow":["GET"]}}],"collection":[{"href":"https:\/\/www.friedensplattform.at\/index.php?rest_route=\/wp\/v2\/posts"}],"about":[{"href":"https:\/\/www.friedensplattform.at\/index.php?rest_route=\/wp\/v2\/types\/post"}],"author":[{"embeddable":true,"href":"https:\/\/www.friedensplattform.at\/index.php?rest_route=\/wp\/v2\/users\/2"}],"replies":[{"embeddable":true,"href":"https:\/\/www.friedensplattform.at\/index.php?rest_route=%2Fwp%2Fv2%2Fcomments&post=4676"}],"version-history":[{"count":2,"href":"https:\/\/www.friedensplattform.at\/index.php?rest_route=\/wp\/v2\/posts\/4676\/revisions"}],"predecessor-version":[{"id":4685,"href":"https:\/\/www.friedensplattform.at\/index.php?rest_route=\/wp\/v2\/posts\/4676\/revisions\/4685"}],"wp:attachment":[{"href":"https:\/\/www.friedensplattform.at\/index.php?rest_route=%2Fwp%2Fv2%2Fmedia&parent=4676"}],"wp:term":[{"taxonomy":"category","embeddable":true,"href":"https:\/\/www.friedensplattform.at\/index.php?rest_route=%2Fwp%2Fv2%2Fcategories&post=4676"},{"taxonomy":"post_tag","embeddable":true,"href":"https:\/\/www.friedensplattform.at\/index.php?rest_route=%2Fwp%2Fv2%2Ftags&post=4676"}],"curies":[{"name":"wp","href":"https:\/\/api.w.org\/{rel}","templated":true}]}}