{"id":4678,"date":"2018-04-25T15:04:42","date_gmt":"2018-04-25T15:04:42","guid":{"rendered":"http:\/\/www.friedensplattform.at\/?p=4678"},"modified":"2018-05-14T20:53:05","modified_gmt":"2018-05-14T20:53:05","slug":"die-ns-verbrechen-am-feliferhof-ein-beitrag-zum-gedenkjahr-80-jahre-anschluss-oesterreichs-an-nazi-deutschland","status":"publish","type":"post","link":"https:\/\/www.friedensplattform.at\/?p=4678","title":{"rendered":"Die NS-Verbrechen am Feliferhof.  Ein Beitrag zum Gedenkjahr &#8222;80 Jahre Anschlu\u00df \u00d6sterreichs an Nazi-Deutschland&#8220;"},"content":{"rendered":"<h2>Vielen Dank, Herr Oberst a.D. Manfred Oswald!<\/h2>\n<p>Am Samstag, 5.5. veranstaltete die Steirische Friedensplattform eine F\u00fchrung am Schie\u00dfplatz Feliferhof. Oberst a. D. Manfred Oswald berichtete \u00fcber Naziverbrech<span class=\"text_exposed_show\">en, die dort begangen wurden und seine erfolgreichen Bem\u00fchungen, dort eine Gedenkst\u00e4tte an die Opfer zu errichten.Sehr ersch\u00fctternd und interessant!<\/span><\/p>\n<h3><\/h3>\n<p>&nbsp;<\/p>\n<h3><span style=\"font-size: medium; color: #ff0000;\"><a href=\"http:\/\/www.friedensplattform.at\/wp-content\/uploads\/2018\/04\/IMG_20180505_161052.jpg\"><img loading=\"lazy\" decoding=\"async\" class=\"alignnone size-medium wp-image-4698\" src=\"http:\/\/www.friedensplattform.at\/wp-content\/uploads\/2018\/04\/IMG_20180505_161052-300x225.jpg\" alt=\"\" width=\"300\" height=\"225\" srcset=\"https:\/\/www.friedensplattform.at\/wp-content\/uploads\/2018\/04\/IMG_20180505_161052-300x225.jpg 300w, https:\/\/www.friedensplattform.at\/wp-content\/uploads\/2018\/04\/IMG_20180505_161052-768x576.jpg 768w, https:\/\/www.friedensplattform.at\/wp-content\/uploads\/2018\/04\/IMG_20180505_161052-1024x768.jpg 1024w\" sizes=\"auto, (max-width: 300px) 100vw, 300px\" \/><\/a> <a href=\"http:\/\/www.friedensplattform.at\/wp-content\/uploads\/2018\/04\/Oberst-a.D.-Manfred-Oswald.jpg\"><img loading=\"lazy\" decoding=\"async\" class=\"alignnone size-medium wp-image-4699\" src=\"http:\/\/www.friedensplattform.at\/wp-content\/uploads\/2018\/04\/Oberst-a.D.-Manfred-Oswald-225x300.jpg\" alt=\"\" width=\"225\" height=\"300\" srcset=\"https:\/\/www.friedensplattform.at\/wp-content\/uploads\/2018\/04\/Oberst-a.D.-Manfred-Oswald-225x300.jpg 225w, https:\/\/www.friedensplattform.at\/wp-content\/uploads\/2018\/04\/Oberst-a.D.-Manfred-Oswald-768x1024.jpg 768w\" sizes=\"auto, (max-width: 225px) 100vw, 225px\" \/><\/a><\/span><\/h3>\n<p>Oberst a.D. Manfred Oswald<\/p>\n<h3><span style=\"font-size: medium; color: #ff0000;\"> <a href=\"http:\/\/www.friedensplattform.at\/wp-content\/uploads\/2018\/04\/S\u00f6lkner-Oswald.jpg\"><img loading=\"lazy\" decoding=\"async\" class=\"alignnone size-medium wp-image-4700\" src=\"http:\/\/www.friedensplattform.at\/wp-content\/uploads\/2018\/04\/S\u00f6lkner-Oswald-300x225.jpg\" alt=\"\" width=\"300\" height=\"225\" srcset=\"https:\/\/www.friedensplattform.at\/wp-content\/uploads\/2018\/04\/S\u00f6lkner-Oswald-300x225.jpg 300w, https:\/\/www.friedensplattform.at\/wp-content\/uploads\/2018\/04\/S\u00f6lkner-Oswald-768x576.jpg 768w, https:\/\/www.friedensplattform.at\/wp-content\/uploads\/2018\/04\/S\u00f6lkner-Oswald-1024x768.jpg 1024w\" sizes=\"auto, (max-width: 300px) 100vw, 300px\" \/><\/a><\/span><\/h3>\n<p>Franz S\u00f6lkner, Steirische Friedensplattform<\/p>\n<h3><span style=\"font-size: medium; color: #ff0000;\"> <a href=\"http:\/\/www.friedensplattform.at\/wp-content\/uploads\/2018\/04\/IMG_20180505_144657.jpg\"><img loading=\"lazy\" decoding=\"async\" class=\"alignnone size-medium wp-image-4701\" src=\"http:\/\/www.friedensplattform.at\/wp-content\/uploads\/2018\/04\/IMG_20180505_144657-225x300.jpg\" alt=\"\" width=\"225\" height=\"300\" srcset=\"https:\/\/www.friedensplattform.at\/wp-content\/uploads\/2018\/04\/IMG_20180505_144657-225x300.jpg 225w, https:\/\/www.friedensplattform.at\/wp-content\/uploads\/2018\/04\/IMG_20180505_144657-768x1024.jpg 768w\" sizes=\"auto, (max-width: 225px) 100vw, 225px\" \/><\/a> <a href=\"http:\/\/www.friedensplattform.at\/wp-content\/uploads\/2018\/04\/IMG_20180505_144714.jpg\"><img loading=\"lazy\" decoding=\"async\" class=\"alignnone size-medium wp-image-4702\" src=\"http:\/\/www.friedensplattform.at\/wp-content\/uploads\/2018\/04\/IMG_20180505_144714-300x225.jpg\" alt=\"\" width=\"300\" height=\"225\" srcset=\"https:\/\/www.friedensplattform.at\/wp-content\/uploads\/2018\/04\/IMG_20180505_144714-300x225.jpg 300w, https:\/\/www.friedensplattform.at\/wp-content\/uploads\/2018\/04\/IMG_20180505_144714-768x576.jpg 768w, https:\/\/www.friedensplattform.at\/wp-content\/uploads\/2018\/04\/IMG_20180505_144714-1024x768.jpg 1024w\" sizes=\"auto, (max-width: 300px) 100vw, 300px\" \/><\/a> <a href=\"http:\/\/www.friedensplattform.at\/wp-content\/uploads\/2018\/04\/VA-Feliferhof-2018.pdf\">VA Feliferhof 2018<\/a><\/span><\/h3>\n<p>&nbsp;<\/p>\n<h3><\/h3>\n<h3><span style=\"font-size: medium;\">Besuch der Bundesheer-Gedenkst\u00e4tte am Milit\u00e4rschie\u00dfplatz Feliferhof in Graz-Wetzelsdorf<br \/>\n<\/span><\/h3>\n<h3><span style=\"font-size: medium;\">Mit<br \/>\n<\/span><\/h3>\n<ul>\n<li>\n<h3><span style=\"font-size: medium;\">Oberst a.D. Manfred Oswald, Tr\u00e4ger des Menschenrechtspreises des Landes Steiermark 2009<\/span><\/h3>\n<\/li>\n<li>\n<h3><span style=\"font-size: medium;\">Oberst Gerhard Schweiger, Leiter des Bereichs \u00d6ffentlichkeit beim Milit\u00e4rkommando Steiermark<br \/>\n<\/span><\/h3>\n<\/li>\n<\/ul>\n<h3><b><span style=\"font-size: medium;\">Samstag, 5. Mai 2018; 14:00 Uhr<\/span><\/b><\/h3>\n<h3><b><span style=\"font-size: medium;\">Treffpunkt: Parkplatz am Feliferhof<\/span><\/b><\/h3>\n<p><!--more--><\/p>\n<p><span style=\"font-size: medium;\">Zufahrt \u00fcber Steinbergstra\u00dfe &#8211; 100 m vor dem GH Dorrer links hinauf, dann ca. 500 m immer den gr\u00fcnen Wegweiser &#8222;Schie\u00dfplatz Feliferhof&#8220; folgen.\u00a0 m.<br \/>\n<\/span><\/p>\n<p>&nbsp;<\/p>\n<p><span style=\"font-size: medium;\">Veranstalter: Steirische Friedensplattform in Kooperation mit der \u00d6sterreichischen Liga f\u00fcr Menschenrechte und Pax Christi Steiermark.<\/span><\/p>\n","protected":false},"excerpt":{"rendered":"<p>Vielen Dank, Herr Oberst a.D. Manfred Oswald! Am Samstag, 5.5. veranstaltete die Steirische Friedensplattform eine F\u00fchrung am Schie\u00dfplatz Feliferhof. Oberst a. D. Manfred Oswald berichtete \u00fcber Naziverbrechen, die dort begangen wurden und seine erfolgreichen Bem\u00fchungen, dort eine Gedenkst\u00e4tte an die Opfer zu errichten.Sehr ersch\u00fctternd und interessant! &nbsp; Oberst a.D. Manfred Oswald Franz S\u00f6lkner, Steirische Friedensplattform &hellip; <a href=\"https:\/\/www.friedensplattform.at\/?p=4678\" class=\"more-link\"><span class=\"screen-reader-text\">Die NS-Verbrechen am Feliferhof.  Ein Beitrag zum Gedenkjahr &#8222;80 Jahre Anschlu\u00df \u00d6sterreichs an Nazi-Deutschland&#8220;<\/span> weiterlesen <span class=\"meta-nav\">&rarr;<\/span><\/a><\/p>\n","protected":false},"author":2,"featured_media":0,"comment_status":"open","ping_status":"open","sticky":false,"template":"","format":"standard","meta":{"footnotes":""},"categories":[1],"tags":[],"class_list":["post-4678","post","type-post","status-publish","format-standard","hentry","category-allgemein"],"_links":{"self":[{"href":"https:\/\/www.friedensplattform.at\/index.php?rest_route=\/wp\/v2\/posts\/4678","targetHints":{"allow":["GET"]}}],"collection":[{"href":"https:\/\/www.friedensplattform.at\/index.php?rest_route=\/wp\/v2\/posts"}],"about":[{"href":"https:\/\/www.friedensplattform.at\/index.php?rest_route=\/wp\/v2\/types\/post"}],"author":[{"embeddable":true,"href":"https:\/\/www.friedensplattform.at\/index.php?rest_route=\/wp\/v2\/users\/2"}],"replies":[{"embeddable":true,"href":"https:\/\/www.friedensplattform.at\/index.php?rest_route=%2Fwp%2Fv2%2Fcomments&post=4678"}],"version-history":[{"count":7,"href":"https:\/\/www.friedensplattform.at\/index.php?rest_route=\/wp\/v2\/posts\/4678\/revisions"}],"predecessor-version":[{"id":4704,"href":"https:\/\/www.friedensplattform.at\/index.php?rest_route=\/wp\/v2\/posts\/4678\/revisions\/4704"}],"wp:attachment":[{"href":"https:\/\/www.friedensplattform.at\/index.php?rest_route=%2Fwp%2Fv2%2Fmedia&parent=4678"}],"wp:term":[{"taxonomy":"category","embeddable":true,"href":"https:\/\/www.friedensplattform.at\/index.php?rest_route=%2Fwp%2Fv2%2Fcategories&post=4678"},{"taxonomy":"post_tag","embeddable":true,"href":"https:\/\/www.friedensplattform.at\/index.php?rest_route=%2Fwp%2Fv2%2Ftags&post=4678"}],"curies":[{"name":"wp","href":"https:\/\/api.w.org\/{rel}","templated":true}]}}