{"id":4706,"date":"2018-05-12T21:04:28","date_gmt":"2018-05-12T21:04:28","guid":{"rendered":"http:\/\/www.friedensplattform.at\/?p=4706"},"modified":"2018-05-13T21:39:12","modified_gmt":"2018-05-13T21:39:12","slug":"informationstisch-70-jahre-nakba-am-samstag-den-12-5-2018","status":"publish","type":"post","link":"https:\/\/www.friedensplattform.at\/?p=4706","title":{"rendered":"Informationstisch 70 Jahre Nakba am Samstag den 12.5.2018"},"content":{"rendered":"<p>Bereits zum f\u00fcnften Mal informierten wir die Grazerinnen und Grazer \u00fcber\u00a0 die Nakba, die Katastrophe, die vor 70 Jahren \u00fcber das pal\u00e4stinensische Volk hereinbrach. Heute waren wir am Hauptbahnhof:<\/p>\n<p>&nbsp;<\/p>\n<p><a href=\"http:\/\/www.friedensplattform.at\/wp-content\/uploads\/2018\/05\/FotoInfotisch120518.jpg\"><img loading=\"lazy\" decoding=\"async\" class=\"alignnone wp-image-4707\" src=\"http:\/\/www.friedensplattform.at\/wp-content\/uploads\/2018\/05\/FotoInfotisch120518-300x225.jpg\" alt=\"\" width=\"293\" height=\"220\" srcset=\"https:\/\/www.friedensplattform.at\/wp-content\/uploads\/2018\/05\/FotoInfotisch120518-300x225.jpg 300w, https:\/\/www.friedensplattform.at\/wp-content\/uploads\/2018\/05\/FotoInfotisch120518-768x576.jpg 768w, https:\/\/www.friedensplattform.at\/wp-content\/uploads\/2018\/05\/FotoInfotisch120518-1024x768.jpg 1024w\" sizes=\"auto, (max-width: 293px) 100vw, 293px\" \/><\/a><\/p>\n<p>Und noch ein Veranstaltungshinweis:<\/p>\n<p>n\u00e4chster Informationstisch, <strong>Freitag den 18.5.2018 von 14.00 bis 17.00 Uhr, Hauptbahnhof &#8211; Vorplatz<\/strong><\/p>\n","protected":false},"excerpt":{"rendered":"<p>Bereits zum f\u00fcnften Mal informierten wir die Grazerinnen und Grazer \u00fcber\u00a0 die Nakba, die Katastrophe, die vor 70 Jahren \u00fcber das pal\u00e4stinensische Volk hereinbrach. Heute waren wir am Hauptbahnhof: &nbsp; Und noch ein Veranstaltungshinweis: n\u00e4chster Informationstisch, Freitag den 18.5.2018 von 14.00 bis 17.00 Uhr, Hauptbahnhof &#8211; Vorplatz<\/p>\n","protected":false},"author":5,"featured_media":0,"comment_status":"open","ping_status":"open","sticky":false,"template":"","format":"standard","meta":{"footnotes":""},"categories":[1,18],"tags":[],"class_list":["post-4706","post","type-post","status-publish","format-standard","hentry","category-allgemein","category-palaestina-solidaritaet"],"_links":{"self":[{"href":"https:\/\/www.friedensplattform.at\/index.php?rest_route=\/wp\/v2\/posts\/4706","targetHints":{"allow":["GET"]}}],"collection":[{"href":"https:\/\/www.friedensplattform.at\/index.php?rest_route=\/wp\/v2\/posts"}],"about":[{"href":"https:\/\/www.friedensplattform.at\/index.php?rest_route=\/wp\/v2\/types\/post"}],"author":[{"embeddable":true,"href":"https:\/\/www.friedensplattform.at\/index.php?rest_route=\/wp\/v2\/users\/5"}],"replies":[{"embeddable":true,"href":"https:\/\/www.friedensplattform.at\/index.php?rest_route=%2Fwp%2Fv2%2Fcomments&post=4706"}],"version-history":[{"count":3,"href":"https:\/\/www.friedensplattform.at\/index.php?rest_route=\/wp\/v2\/posts\/4706\/revisions"}],"predecessor-version":[{"id":4710,"href":"https:\/\/www.friedensplattform.at\/index.php?rest_route=\/wp\/v2\/posts\/4706\/revisions\/4710"}],"wp:attachment":[{"href":"https:\/\/www.friedensplattform.at\/index.php?rest_route=%2Fwp%2Fv2%2Fmedia&parent=4706"}],"wp:term":[{"taxonomy":"category","embeddable":true,"href":"https:\/\/www.friedensplattform.at\/index.php?rest_route=%2Fwp%2Fv2%2Fcategories&post=4706"},{"taxonomy":"post_tag","embeddable":true,"href":"https:\/\/www.friedensplattform.at\/index.php?rest_route=%2Fwp%2Fv2%2Ftags&post=4706"}],"curies":[{"name":"wp","href":"https:\/\/api.w.org\/{rel}","templated":true}]}}