{"id":4711,"date":"2018-05-13T21:32:43","date_gmt":"2018-05-13T21:32:43","guid":{"rendered":"http:\/\/www.friedensplattform.at\/?p=4711"},"modified":"2018-05-13T21:55:45","modified_gmt":"2018-05-13T21:55:45","slug":"galaempfang-in-jerusalem-mit-oesterreichischer-teilnahme","status":"publish","type":"post","link":"https:\/\/www.friedensplattform.at\/?p=4711","title":{"rendered":"Galaempfang in Jerusalem mit \u00f6sterreichischer Teilnahme"},"content":{"rendered":"<div>\n<p>Wir haben heute nachstehendes Mail an Au\u00dfenministerin Kneissl, Kanzler Kurz und andere \u00f6sterreichische PolitikerInnen geschickt:<\/p>\n<p>&nbsp;<\/p>\n<p>Soeben haben wir die israelische Tageszeitung Haaretz gelesen<\/p>\n<p>&nbsp;<\/p>\n<pre class=\"western\"><span style=\"color: #000000;\"><a href=\"https:\/\/www.haaretz.com\/israel-news\/these-countries-participating-in-israel-s-gala-for-u-s-embassy-move-1.6077598\">https:\/\/www.haaretz.com\/israel-news\/these-countries-participating-in-israel-s-gala-for-u-s-embassy-move-1.6077598<\/a><\/span>\r\n<\/pre>\n<p>und mussten mit gro\u00dfem Befremden feststellen, dass \u00d6sterreich am heutigen Galaempfang anl\u00e4sslich der morgigen Er\u00f6ffnung der US-Botschaft in Jerusalem teilnehmen wird.<\/p>\n<p>&nbsp;<\/p>\n<p>Wir m\u00fcssen Ihnen im Au\u00dfenamt sicher nichts \u00fcber den Pal\u00e4stina-Israel-Konflikt erkl\u00e4ren, noch, was der Status von Jerusalem ist, trotzdem erlauben wir uns, daran zu erinnern, dass Israel im Jahr 1980 Ostjerusalem annektierte, was von der internationalen V\u00f6lkergemeinschaft nicht anerkannt wurde (siehe UN-Sicherheitsrats-Resolutionen 252, 267, 471, 476, 478) und alle legislativen Ma\u00dfnahmen, die Israel ergreift, um den Status und Charakter von Jerusalem zu ver\u00e4ndern, daher null und nichtig sind.<\/p>\n<p>&nbsp;<\/p>\n<p>Der Transfer der US-Botschaft kommt einer Negierung obiger Resolutionen gleich und ist daher sch\u00e4rfstens zu verurteilen, was auch die meisten EU-Staaten machen, unter anderem durch den Boykott dieses Empfangs. Warum nun \u00d6sterreich (fast) im Alleingang an diesem Empfang teilnimmt und somit eine schweigende Zustimmung erteilt ist uns nicht verst\u00e4ndlich und wir dr\u00fccken als Staatsb\u00fcrgerInnen unsere sch\u00e4rfste Verurteilung aus und koennen nur sagen \u00b4nicht in unseren Namen\u00b4. Durch diese ungl\u00fcckselige Botschaftser\u00f6ffnung wird der so n\u00f6tige Friede zwischen Pal\u00e4stina und Israel hintertrieben, ja unm\u00f6glich gemacht. Anstatt dass \u00d6sterreich sich mit seiner langen Tradition der Unabh\u00e4ngigkeit f\u00fcr eine friedliche L\u00f6sung einsetzt, ergreift es Partei f\u00fcr den St\u00e4rkeren, daf\u00fcr gibt es nur ein Wort: \u00b4w\u00fcrdelos\u00b4 und \u00b4Sch\u00e4men Sie sich\u00b4.<\/p>\n<p>&nbsp;<\/p>\n<p>Fuer: Palaestina Solidaritaet Steiermark<\/p>\n<p>Helga Suleiman, Christine Hoedl<\/p>\n<div class=\"yj6qo ajU\">\n<div id=\":j9\" class=\"ajR\"><img decoding=\"async\" class=\"ajT\" src=\"https:\/\/ssl.gstatic.com\/ui\/v1\/icons\/mail\/images\/cleardot.gif\" \/><\/div>\n<\/div>\n<\/div>\n<div><\/div>\n<div class=\"signature\"><\/div>\n","protected":false},"excerpt":{"rendered":"<p>Wir haben heute nachstehendes Mail an Au\u00dfenministerin Kneissl, Kanzler Kurz und andere \u00f6sterreichische PolitikerInnen geschickt: &nbsp; Soeben haben wir die israelische Tageszeitung Haaretz gelesen &nbsp; https:\/\/www.haaretz.com\/israel-news\/these-countries-participating-in-israel-s-gala-for-u-s-embassy-move-1.6077598 und mussten mit gro\u00dfem Befremden feststellen, dass \u00d6sterreich am heutigen Galaempfang anl\u00e4sslich der morgigen Er\u00f6ffnung der US-Botschaft in Jerusalem teilnehmen wird. &nbsp; Wir m\u00fcssen Ihnen im Au\u00dfenamt sicher nichts &hellip; <a href=\"https:\/\/www.friedensplattform.at\/?p=4711\" class=\"more-link\"><span class=\"screen-reader-text\">Galaempfang in Jerusalem mit \u00f6sterreichischer Teilnahme<\/span> weiterlesen <span class=\"meta-nav\">&rarr;<\/span><\/a><\/p>\n","protected":false},"author":5,"featured_media":0,"comment_status":"open","ping_status":"open","sticky":false,"template":"","format":"standard","meta":{"footnotes":""},"categories":[17,18],"tags":[],"class_list":["post-4711","post","type-post","status-publish","format-standard","hentry","category-meinung","category-palaestina-solidaritaet"],"_links":{"self":[{"href":"https:\/\/www.friedensplattform.at\/index.php?rest_route=\/wp\/v2\/posts\/4711","targetHints":{"allow":["GET"]}}],"collection":[{"href":"https:\/\/www.friedensplattform.at\/index.php?rest_route=\/wp\/v2\/posts"}],"about":[{"href":"https:\/\/www.friedensplattform.at\/index.php?rest_route=\/wp\/v2\/types\/post"}],"author":[{"embeddable":true,"href":"https:\/\/www.friedensplattform.at\/index.php?rest_route=\/wp\/v2\/users\/5"}],"replies":[{"embeddable":true,"href":"https:\/\/www.friedensplattform.at\/index.php?rest_route=%2Fwp%2Fv2%2Fcomments&post=4711"}],"version-history":[{"count":6,"href":"https:\/\/www.friedensplattform.at\/index.php?rest_route=\/wp\/v2\/posts\/4711\/revisions"}],"predecessor-version":[{"id":4716,"href":"https:\/\/www.friedensplattform.at\/index.php?rest_route=\/wp\/v2\/posts\/4711\/revisions\/4716"}],"wp:attachment":[{"href":"https:\/\/www.friedensplattform.at\/index.php?rest_route=%2Fwp%2Fv2%2Fmedia&parent=4711"}],"wp:term":[{"taxonomy":"category","embeddable":true,"href":"https:\/\/www.friedensplattform.at\/index.php?rest_route=%2Fwp%2Fv2%2Fcategories&post=4711"},{"taxonomy":"post_tag","embeddable":true,"href":"https:\/\/www.friedensplattform.at\/index.php?rest_route=%2Fwp%2Fv2%2Ftags&post=4711"}],"curies":[{"name":"wp","href":"https:\/\/api.w.org\/{rel}","templated":true}]}}