{"id":4722,"date":"2018-05-21T07:20:45","date_gmt":"2018-05-21T07:20:45","guid":{"rendered":"http:\/\/www.friedensplattform.at\/?p=4722"},"modified":"2018-05-21T07:26:29","modified_gmt":"2018-05-21T07:26:29","slug":"gespraeche-mit-menschen-aus-gaza-von-amira-hass","status":"publish","type":"post","link":"https:\/\/www.friedensplattform.at\/?p=4722","title":{"rendered":"Gespr\u00e4che mit Menschen aus Gaza von Amira Hass"},"content":{"rendered":"<p>&nbsp;<\/p>\n<p><strong>\u201eWir sterben sowieso, dann soll es vor den Kameras sein\u201c: Gespr\u00e4che mit Menschen aus Gaza<\/strong><\/p>\n<p>&nbsp;<\/p>\n<p>Meine Freunde in Gaza sind \u00fcber Israels Behauptung, dass Hamas alles entscheidet, entr\u00fcstet. \u201eIhr Leute habt immer auf uns heruntergeschaut, daher ist es f\u00fcr euch schwer zu verstehen, dass niemand im Namen eines anderen demonstriert\u201c<\/p>\n<p>&nbsp;<\/p>\n<p>Quelle<\/p>\n<p><a href=\"https:\/\/www.haaretz.com\/israel-news\/.premium-we-die-anyway-so-let-it-be-in-front-of-the-camera-talking-to-gazans-1.6098045\">https:\/\/www.haaretz.com\/israel-news\/.premium-we-die-anyway-so-let-it-be-in-front-of-the-camera-talking-to-gazans-1.6098045<\/a><\/p>\n<p><a href=\"https:\/\/www.haaretz.com\/misc\/writers\/1.4968114\"><em>Amira Hass<\/em><\/a><\/p>\n<p>May 20, 2018 10:06 AM<\/p>\n<p><a href=\"http:\/\/www.friedensplattform.at\/wp-content\/uploads\/2018\/05\/zuamirahass200818.jpg\"><img loading=\"lazy\" decoding=\"async\" class=\"alignnone size-medium wp-image-4727\" src=\"http:\/\/www.friedensplattform.at\/wp-content\/uploads\/2018\/05\/zuamirahass200818-300x169.jpg\" alt=\"\" width=\"300\" height=\"169\" srcset=\"https:\/\/www.friedensplattform.at\/wp-content\/uploads\/2018\/05\/zuamirahass200818-300x169.jpg 300w, https:\/\/www.friedensplattform.at\/wp-content\/uploads\/2018\/05\/zuamirahass200818-768x432.jpg 768w, https:\/\/www.friedensplattform.at\/wp-content\/uploads\/2018\/05\/zuamirahass200818.jpg 857w\" sizes=\"auto, (max-width: 300px) 100vw, 300px\" \/><\/a><\/p>\n<p>Palestinian demonstrators run for cover from tear gas launched by Israeli soldiers during protests along the Israel-Gaza border on May 15, 2018. Credit: THOMAS COEX\/AFP<\/p>\n<p><a href=\"http:\/\/www.friedensplattform.at\/wp-content\/uploads\/2018\/05\/AMIRAHASSWir-sterben-sowieso-1.pdf\">AMIRAHASSWir sterben sowieso<\/a><\/p>\n","protected":false},"excerpt":{"rendered":"<p>&nbsp; \u201eWir sterben sowieso, dann soll es vor den Kameras sein\u201c: Gespr\u00e4che mit Menschen aus Gaza &nbsp; Meine Freunde in Gaza sind \u00fcber Israels Behauptung, dass Hamas alles entscheidet, entr\u00fcstet. \u201eIhr Leute habt immer auf uns heruntergeschaut, daher ist es f\u00fcr euch schwer zu verstehen, dass niemand im Namen eines anderen demonstriert\u201c &nbsp; Quelle https:\/\/www.haaretz.com\/israel-news\/.premium-we-die-anyway-so-let-it-be-in-front-of-the-camera-talking-to-gazans-1.6098045 &hellip; <a href=\"https:\/\/www.friedensplattform.at\/?p=4722\" class=\"more-link\"><span class=\"screen-reader-text\">Gespr\u00e4che mit Menschen aus Gaza von Amira Hass<\/span> weiterlesen <span class=\"meta-nav\">&rarr;<\/span><\/a><\/p>\n","protected":false},"author":5,"featured_media":0,"comment_status":"open","ping_status":"open","sticky":false,"template":"","format":"standard","meta":{"footnotes":""},"categories":[1,18],"tags":[],"class_list":["post-4722","post","type-post","status-publish","format-standard","hentry","category-allgemein","category-palaestina-solidaritaet"],"_links":{"self":[{"href":"https:\/\/www.friedensplattform.at\/index.php?rest_route=\/wp\/v2\/posts\/4722","targetHints":{"allow":["GET"]}}],"collection":[{"href":"https:\/\/www.friedensplattform.at\/index.php?rest_route=\/wp\/v2\/posts"}],"about":[{"href":"https:\/\/www.friedensplattform.at\/index.php?rest_route=\/wp\/v2\/types\/post"}],"author":[{"embeddable":true,"href":"https:\/\/www.friedensplattform.at\/index.php?rest_route=\/wp\/v2\/users\/5"}],"replies":[{"embeddable":true,"href":"https:\/\/www.friedensplattform.at\/index.php?rest_route=%2Fwp%2Fv2%2Fcomments&post=4722"}],"version-history":[{"count":5,"href":"https:\/\/www.friedensplattform.at\/index.php?rest_route=\/wp\/v2\/posts\/4722\/revisions"}],"predecessor-version":[{"id":4731,"href":"https:\/\/www.friedensplattform.at\/index.php?rest_route=\/wp\/v2\/posts\/4722\/revisions\/4731"}],"wp:attachment":[{"href":"https:\/\/www.friedensplattform.at\/index.php?rest_route=%2Fwp%2Fv2%2Fmedia&parent=4722"}],"wp:term":[{"taxonomy":"category","embeddable":true,"href":"https:\/\/www.friedensplattform.at\/index.php?rest_route=%2Fwp%2Fv2%2Fcategories&post=4722"},{"taxonomy":"post_tag","embeddable":true,"href":"https:\/\/www.friedensplattform.at\/index.php?rest_route=%2Fwp%2Fv2%2Ftags&post=4722"}],"curies":[{"name":"wp","href":"https:\/\/api.w.org\/{rel}","templated":true}]}}