{"id":4733,"date":"2018-06-06T20:32:47","date_gmt":"2018-06-06T20:32:47","guid":{"rendered":"http:\/\/www.friedensplattform.at\/?p=4733"},"modified":"2018-06-06T20:32:47","modified_gmt":"2018-06-06T20:32:47","slug":"sie-haben-recht","status":"publish","type":"post","link":"https:\/\/www.friedensplattform.at\/?p=4733","title":{"rendered":"Sie haben recht."},"content":{"rendered":"<p>Wenn die Pal\u00e4stinenser in Gaza nicht schie\u00dfen, h\u00f6rt man nicht auf sie.<\/p>\n<p>Sie sind die letzten K\u00e4mpfer gegen die israelische Besetzung. W\u00e4hrend die besetzte Westbank sich so verh\u00e4lt, als habe sie aufgegeben, gibt Gaza nicht auf.<\/p>\n<p>Original:<\/p>\n<p>https:\/\/www.haaretz.com\/opinion\/.premium-if-palestinians-in-gaza-don-t-shoot-no-one-listens-1.6136890<\/p>\n<p>Von: Gideon Levy\u00a0\u00a0\u00a0\u00a0 Jun 01, 2018 1:16 AM<\/p>\n<p><a href=\"http:\/\/www.friedensplattform.at\/wp-content\/uploads\/2018\/06\/zulevy-2.png\"><img loading=\"lazy\" decoding=\"async\" class=\"alignnone size-medium wp-image-4744\" src=\"http:\/\/www.friedensplattform.at\/wp-content\/uploads\/2018\/06\/zulevy-2-300x168.png\" alt=\"\" width=\"300\" height=\"168\" srcset=\"https:\/\/www.friedensplattform.at\/wp-content\/uploads\/2018\/06\/zulevy-2-300x168.png 300w, https:\/\/www.friedensplattform.at\/wp-content\/uploads\/2018\/06\/zulevy-2-768x431.png 768w, https:\/\/www.friedensplattform.at\/wp-content\/uploads\/2018\/06\/zulevy-2.png 819w\" sizes=\"auto, (max-width: 300px) 100vw, 300px\" \/><\/a><\/p>\n<p><a href=\"http:\/\/www.friedensplattform.at\/wp-content\/uploads\/2018\/06\/Sie-haben-recht-_-Gideon-Levy.pdf\">Sie haben recht _ Gideon Levy<\/a><\/p>\n","protected":false},"excerpt":{"rendered":"<p>Wenn die Pal\u00e4stinenser in Gaza nicht schie\u00dfen, h\u00f6rt man nicht auf sie. Sie sind die letzten K\u00e4mpfer gegen die israelische Besetzung. W\u00e4hrend die besetzte Westbank sich so verh\u00e4lt, als habe sie aufgegeben, gibt Gaza nicht auf. Original: https:\/\/www.haaretz.com\/opinion\/.premium-if-palestinians-in-gaza-don-t-shoot-no-one-listens-1.6136890 Von: Gideon Levy\u00a0\u00a0\u00a0\u00a0 Jun 01, 2018 1:16 AM Sie haben recht _ Gideon Levy<\/p>\n","protected":false},"author":5,"featured_media":0,"comment_status":"open","ping_status":"open","sticky":false,"template":"","format":"standard","meta":{"footnotes":""},"categories":[1,17,18],"tags":[],"class_list":["post-4733","post","type-post","status-publish","format-standard","hentry","category-allgemein","category-meinung","category-palaestina-solidaritaet"],"_links":{"self":[{"href":"https:\/\/www.friedensplattform.at\/index.php?rest_route=\/wp\/v2\/posts\/4733","targetHints":{"allow":["GET"]}}],"collection":[{"href":"https:\/\/www.friedensplattform.at\/index.php?rest_route=\/wp\/v2\/posts"}],"about":[{"href":"https:\/\/www.friedensplattform.at\/index.php?rest_route=\/wp\/v2\/types\/post"}],"author":[{"embeddable":true,"href":"https:\/\/www.friedensplattform.at\/index.php?rest_route=\/wp\/v2\/users\/5"}],"replies":[{"embeddable":true,"href":"https:\/\/www.friedensplattform.at\/index.php?rest_route=%2Fwp%2Fv2%2Fcomments&post=4733"}],"version-history":[{"count":6,"href":"https:\/\/www.friedensplattform.at\/index.php?rest_route=\/wp\/v2\/posts\/4733\/revisions"}],"predecessor-version":[{"id":4745,"href":"https:\/\/www.friedensplattform.at\/index.php?rest_route=\/wp\/v2\/posts\/4733\/revisions\/4745"}],"wp:attachment":[{"href":"https:\/\/www.friedensplattform.at\/index.php?rest_route=%2Fwp%2Fv2%2Fmedia&parent=4733"}],"wp:term":[{"taxonomy":"category","embeddable":true,"href":"https:\/\/www.friedensplattform.at\/index.php?rest_route=%2Fwp%2Fv2%2Fcategories&post=4733"},{"taxonomy":"post_tag","embeddable":true,"href":"https:\/\/www.friedensplattform.at\/index.php?rest_route=%2Fwp%2Fv2%2Ftags&post=4733"}],"curies":[{"name":"wp","href":"https:\/\/api.w.org\/{rel}","templated":true}]}}