{"id":4755,"date":"2018-06-18T22:30:41","date_gmt":"2018-06-18T22:30:41","guid":{"rendered":"http:\/\/www.friedensplattform.at\/?p=4755"},"modified":"2018-06-18T22:38:23","modified_gmt":"2018-06-18T22:38:23","slug":"palaestina-informationsstand-am-22-6-2018","status":"publish","type":"post","link":"https:\/\/www.friedensplattform.at\/?p=4755","title":{"rendered":"Pal\u00e4stina-Informationsstand am 22.6.2018"},"content":{"rendered":"<p>An alle Freundinnen und Freunde von Pal\u00e4stina, an alle solidarischen Menschen, die vor Unrecht nicht schweigen:<\/p>\n<p>&nbsp;<\/p>\n<p>Wir haben wieder einen Pal\u00e4stina-Informationstisch. Zum einen um an die <em>Al-Nakba<\/em>, die Katastrophe vor 70 Jahren zu erinnern, zum anderen um \u00fcber die Aktualit\u00e4t zu informieren.<\/p>\n<p>Wo? Am Vorplatz des Hauptbahnhofes in Graz<\/p>\n<p>Wann? Freitag 22.6.2018<\/p>\n<p>Zeit: 15.00 bis 18.00 Uhr<\/p>\n","protected":false},"excerpt":{"rendered":"<p>An alle Freundinnen und Freunde von Pal\u00e4stina, an alle solidarischen Menschen, die vor Unrecht nicht schweigen: &nbsp; Wir haben wieder einen Pal\u00e4stina-Informationstisch. Zum einen um an die Al-Nakba, die Katastrophe vor 70 Jahren zu erinnern, zum anderen um \u00fcber die Aktualit\u00e4t zu informieren. Wo? Am Vorplatz des Hauptbahnhofes in Graz Wann? Freitag 22.6.2018 Zeit: 15.00 &hellip; <a href=\"https:\/\/www.friedensplattform.at\/?p=4755\" class=\"more-link\"><span class=\"screen-reader-text\">Pal\u00e4stina-Informationsstand am 22.6.2018<\/span> weiterlesen <span class=\"meta-nav\">&rarr;<\/span><\/a><\/p>\n","protected":false},"author":5,"featured_media":0,"comment_status":"open","ping_status":"open","sticky":false,"template":"","format":"standard","meta":{"footnotes":""},"categories":[1,18],"tags":[],"class_list":["post-4755","post","type-post","status-publish","format-standard","hentry","category-allgemein","category-palaestina-solidaritaet"],"_links":{"self":[{"href":"https:\/\/www.friedensplattform.at\/index.php?rest_route=\/wp\/v2\/posts\/4755","targetHints":{"allow":["GET"]}}],"collection":[{"href":"https:\/\/www.friedensplattform.at\/index.php?rest_route=\/wp\/v2\/posts"}],"about":[{"href":"https:\/\/www.friedensplattform.at\/index.php?rest_route=\/wp\/v2\/types\/post"}],"author":[{"embeddable":true,"href":"https:\/\/www.friedensplattform.at\/index.php?rest_route=\/wp\/v2\/users\/5"}],"replies":[{"embeddable":true,"href":"https:\/\/www.friedensplattform.at\/index.php?rest_route=%2Fwp%2Fv2%2Fcomments&post=4755"}],"version-history":[{"count":2,"href":"https:\/\/www.friedensplattform.at\/index.php?rest_route=\/wp\/v2\/posts\/4755\/revisions"}],"predecessor-version":[{"id":4758,"href":"https:\/\/www.friedensplattform.at\/index.php?rest_route=\/wp\/v2\/posts\/4755\/revisions\/4758"}],"wp:attachment":[{"href":"https:\/\/www.friedensplattform.at\/index.php?rest_route=%2Fwp%2Fv2%2Fmedia&parent=4755"}],"wp:term":[{"taxonomy":"category","embeddable":true,"href":"https:\/\/www.friedensplattform.at\/index.php?rest_route=%2Fwp%2Fv2%2Fcategories&post=4755"},{"taxonomy":"post_tag","embeddable":true,"href":"https:\/\/www.friedensplattform.at\/index.php?rest_route=%2Fwp%2Fv2%2Ftags&post=4755"}],"curies":[{"name":"wp","href":"https:\/\/api.w.org\/{rel}","templated":true}]}}