{"id":4763,"date":"2018-07-02T20:14:28","date_gmt":"2018-07-02T20:14:28","guid":{"rendered":"http:\/\/www.friedensplattform.at\/?p=4763"},"modified":"2018-09-27T19:09:24","modified_gmt":"2018-09-27T19:09:24","slug":"demo-fuer-gaza-am-freitag","status":"publish","type":"post","link":"https:\/\/www.friedensplattform.at\/?p=4763","title":{"rendered":"DEMO f\u00fcr GAZA am FREITAG"},"content":{"rendered":"<p>Wir wollen die \u00d6ffentlichkeit auf die <strong>Rechte der Pal\u00e4stinenserInnen<\/strong> und die <strong>tragische Situation in Gaza <\/strong>aufmerksam machen!<\/p>\n<div>\n<div>\n<div>\n<div>\n<div>\n<div>\n<div>\n<div>\u00a0<strong>DATUM: Freitag, 6.7.2018<\/strong><\/div>\n<div><strong>ORT: Griesplatz (Platz hinter Bushaltestellen bei Taxistand)<\/strong><\/div>\n<div><strong>ZEIT: 15:00<\/strong><\/div>\n<div><\/div>\n<div><a href=\"http:\/\/www.friedensplattform.at\/wp-content\/uploads\/2018\/07\/SOLIDARIT\u00c4T-MIT-DEN-MENSCHEN-IN-GAZA.pdf\">Flugblatt SOLIDARIT\u00c4T MIT DEN MENSCHEN IN GAZA<\/a><\/div>\n<div><\/div>\n<div>Wir wollen vom Griesplatz zum S\u00fcdtirolerplatz \u00fcber den Mariahilferplatz zum Lendplatz gehen.<\/div>\n<div><\/div>\n<div>Steirische Friedensplattform<\/div>\n<div>Pal\u00e4stina Solidarit\u00e4t Steiermark<\/div>\n<div><\/div>\n<div>0676\/4476763<\/div>\n<\/div>\n<\/div>\n<\/div>\n<\/div>\n<\/div>\n<\/div>\n<\/div>\n<p><!--more--><\/p>\n<p><!--more--><\/p>\n<p><!--more--><\/p>\n","protected":false},"excerpt":{"rendered":"<p>Wir wollen die \u00d6ffentlichkeit auf die Rechte der Pal\u00e4stinenserInnen und die tragische Situation in Gaza aufmerksam machen! \u00a0DATUM: Freitag, 6.7.2018 ORT: Griesplatz (Platz hinter Bushaltestellen bei Taxistand) ZEIT: 15:00 Flugblatt SOLIDARIT\u00c4T MIT DEN MENSCHEN IN GAZA Wir wollen vom Griesplatz zum S\u00fcdtirolerplatz \u00fcber den Mariahilferplatz zum Lendplatz gehen. Steirische Friedensplattform Pal\u00e4stina Solidarit\u00e4t Steiermark 0676\/4476763<\/p>\n","protected":false},"author":3,"featured_media":0,"comment_status":"open","ping_status":"open","sticky":false,"template":"","format":"standard","meta":{"footnotes":""},"categories":[19,21],"tags":[],"class_list":["post-4763","post","type-post","status-publish","format-standard","hentry","category-termine","category-veranstaltungshinweise"],"_links":{"self":[{"href":"https:\/\/www.friedensplattform.at\/index.php?rest_route=\/wp\/v2\/posts\/4763","targetHints":{"allow":["GET"]}}],"collection":[{"href":"https:\/\/www.friedensplattform.at\/index.php?rest_route=\/wp\/v2\/posts"}],"about":[{"href":"https:\/\/www.friedensplattform.at\/index.php?rest_route=\/wp\/v2\/types\/post"}],"author":[{"embeddable":true,"href":"https:\/\/www.friedensplattform.at\/index.php?rest_route=\/wp\/v2\/users\/3"}],"replies":[{"embeddable":true,"href":"https:\/\/www.friedensplattform.at\/index.php?rest_route=%2Fwp%2Fv2%2Fcomments&post=4763"}],"version-history":[{"count":1,"href":"https:\/\/www.friedensplattform.at\/index.php?rest_route=\/wp\/v2\/posts\/4763\/revisions"}],"predecessor-version":[{"id":4765,"href":"https:\/\/www.friedensplattform.at\/index.php?rest_route=\/wp\/v2\/posts\/4763\/revisions\/4765"}],"wp:attachment":[{"href":"https:\/\/www.friedensplattform.at\/index.php?rest_route=%2Fwp%2Fv2%2Fmedia&parent=4763"}],"wp:term":[{"taxonomy":"category","embeddable":true,"href":"https:\/\/www.friedensplattform.at\/index.php?rest_route=%2Fwp%2Fv2%2Fcategories&post=4763"},{"taxonomy":"post_tag","embeddable":true,"href":"https:\/\/www.friedensplattform.at\/index.php?rest_route=%2Fwp%2Fv2%2Ftags&post=4763"}],"curies":[{"name":"wp","href":"https:\/\/api.w.org\/{rel}","templated":true}]}}