{"id":4793,"date":"2018-08-24T19:57:43","date_gmt":"2018-08-24T19:57:43","guid":{"rendered":"http:\/\/www.friedensplattform.at\/?p=4793"},"modified":"2018-08-24T20:05:52","modified_gmt":"2018-08-24T20:05:52","slug":"in-memoriam-uri-avnery","status":"publish","type":"post","link":"https:\/\/www.friedensplattform.at\/?p=4793","title":{"rendered":"In memoriam Uri Avnery"},"content":{"rendered":"<h3><a href=\"https:\/\/oe1.orf.at\/player\/20180824\/523952\">https:\/\/oe1.orf.at\/player\/20180824\/523952<\/a><\/h3>\n<h3 class=\"programTitle\">Im Gespr\u00e4ch<\/h3>\n<div class=\"subtitle\">\n<p>In memoriam Uri Avnery: &#8222;Pessimisten erreichen nie etwas. Man muss Optimist sein, um zu k\u00e4mpfen.&#8220; &#8211; Renata Schmidtkunz im Gespr\u00e4ch mit dem israelischen Journalisten, Schriftsteller und Friedensaktivisten Uri Avnery.<\/p>\n<p>&nbsp;<\/p>\n<\/div>\n<p><!--more--><\/p>\n<div class=\"lazy\">\n<div class=\"description\"><\/div>\n<p class=\"latest station-specific oe1\">\n<div class=\"description\"><\/div>\n<div class=\"description\">\n<p>Uri Avnery, 1923 als Helmut Ostermann in Beckum bei Hannover geboren, war zehn Jahre alt, als er mit seinen Eltern, den beiden Schwestern und dem Bruder ins damalige Pal\u00e4stina einwanderte. Mit 14 wurde er Mitglied der militanten Untergrundorganisation Irgun, die mit Sabotageakten gegen die britische Mandatsherrschaft und die arabische Bev\u00f6lkerung k\u00e4mpfte. Im Unabh\u00e4ngigkeitskrieg von 1948 wurde Uri Avnery schwer verwundet.<\/p>\n<p>Die Erfahrungen des Krieges lie\u00dfen ihn zum Friedensaktivisten werden. Es folgten Jahrzehnte der Arbeit als Journalist mit der von ihm herausgegebenen Zeitung &#8222;Haolam haseh&#8220;, zu Deutsch &#8222;Diese Welt&#8220;. Avnery schrieb gegen das Establishment, gegen Ungerechtigkeit, gegen die Durchsetzung von nationalen Interessen mit milit\u00e4rischen Mitteln. Was ihm immer wieder harsche Kritik in Israel einbrachte einerseits und ihn anderseits zum Star der europ\u00e4ischen Friedensbewegung werden lie\u00df.<\/p>\n<p>1993 gr\u00fcndete er gemeinsam mit Gleichgesinnten die Friedensinitiative &#8222;Gush Shalom&#8220;. Ihre Ziele sind die Beendigung der seit 1967 bestehenden Besatzung des Westjordanlandes, die Errichtung eines unabh\u00e4ngigen Pal\u00e4stinenserstaates und die Sicherung f\u00fcr beide V\u00f6lker.<\/p>\n<p>Bei einer Rede in Salzburg im Jahr 2005 sagte Uri Avnery: &#8222;Ich habe in den letzten 72 Jahren meines Lebens keinen einzigen Tag des Friedens erlebt. Ich hoffe und glaube, dass ich den Frieden noch erlebe&#8220;. 70 Jahre seines Lebens setzte er sich f\u00fcr diesen Frieden ein. F\u00fcr seine Arbeit erhielt er viele Preise, unter anderem 2001, gemeinsam mit seiner Frau Rachel, den Alternativen Nobelpreis. Kommenden Monat w\u00e4re er 95 Jahre alt geworden. In der Nacht auf den 20. August ist er gestorben.<\/p>\n<\/div>\n<p class=\"moderator-img-copyright\"><span class=\"moderator\">Gestaltung: Renata Schmidtkunz<\/span><\/p>\n<div class=\"service station-specific oe1\">\n<p>Literatur<\/p>\n<p>&#8222;Und setzet ihr nicht das Leben ein&#8220; &#8211; Texte zur Person: von und \u00fcber Uri Avnery&#8220; (Ingrid von Heiseler &#8211; Ver\u00f6ffentlichungenn, Band 17), Taschenbuch, aus dem Englischen \u00fcbersetzt von Ingrid von Heiseler, Verlag Independently published 2017<\/p>\n<p>Uri Avnery, &#8222;Israel im Arabischen Fr\u00fchling. Betrachtungen zur gegenw\u00e4rtigen Situation im Orient&#8220;, aus dem Englischen \u00fcbersetzt von Ingrid von Heiseler, Kitab Verlag, Klagenfurt 2013<\/p>\n<p>Uri Avnery, Abraham Melzer (Hrsg.), &#8222;Judenstaat oder Israel &#8211; Entwurf einer &#8218;Semitischen Union'&#8220;, Verlag Melzer, Neu-Isenburg 2009<\/p>\n<p>Uri Avnery, &#8222;Von Gaza nach Beirut. Israelisches Tagebuch&#8220;, Kitab Verlag, 2005<\/p>\n<p>Uri Avnery, &#8222;In den Feldern der Philister. Meine Erinnerungen aus dem israelischen Unabh\u00e4ngigkeitskrieg&#8220; und &#8222;Die Kehrseite der Medaille&#8220;, in einem Band, Verlag Diederichs 2005<\/p>\n<p>Uri Avnery, &#8222;Ein Leben f\u00fcr den Frieden. Klartext \u00fcber Israel und Pal\u00e4stina&#8220;, Palmyra Verlag 2003<\/p>\n<p>Uri Avnery, &#8222;Wir tragen das Nessosgewand. Israel nach dem Golfkrieg&#8220;, deutsche Ausgabe, Dietz Verlag, Bonn 1991<\/p>\n<p>Uri Avnery, &#8222;Mein Freund, der Feind&#8220;, deutsche Ausgabe, Dietz Verlag, Bonn 1988<\/p>\n<\/div>\n<p class=\"link\"><a href=\"https:\/\/oe1.orf.at\/imgespraech\" target=\"_blank\" rel=\"noopener\">Im Gespr\u00e4ch<\/a><\/p>\n<p class=\"latest station-specific oe1\"><a href=\"https:\/\/oe1.orf.at\/player\/37\">Aktuelle Sendung dieser Serie<\/a><\/p>\n<p>&nbsp;<\/p>\n<\/div>\n","protected":false},"excerpt":{"rendered":"<p>https:\/\/oe1.orf.at\/player\/20180824\/523952 Im Gespr\u00e4ch In memoriam Uri Avnery: &#8222;Pessimisten erreichen nie etwas. Man muss Optimist sein, um zu k\u00e4mpfen.&#8220; &#8211; Renata Schmidtkunz im Gespr\u00e4ch mit dem israelischen Journalisten, Schriftsteller und Friedensaktivisten Uri Avnery. &nbsp;<\/p>\n","protected":false},"author":2,"featured_media":0,"comment_status":"open","ping_status":"open","sticky":false,"template":"","format":"standard","meta":{"footnotes":""},"categories":[1],"tags":[],"class_list":["post-4793","post","type-post","status-publish","format-standard","hentry","category-allgemein"],"_links":{"self":[{"href":"https:\/\/www.friedensplattform.at\/index.php?rest_route=\/wp\/v2\/posts\/4793","targetHints":{"allow":["GET"]}}],"collection":[{"href":"https:\/\/www.friedensplattform.at\/index.php?rest_route=\/wp\/v2\/posts"}],"about":[{"href":"https:\/\/www.friedensplattform.at\/index.php?rest_route=\/wp\/v2\/types\/post"}],"author":[{"embeddable":true,"href":"https:\/\/www.friedensplattform.at\/index.php?rest_route=\/wp\/v2\/users\/2"}],"replies":[{"embeddable":true,"href":"https:\/\/www.friedensplattform.at\/index.php?rest_route=%2Fwp%2Fv2%2Fcomments&post=4793"}],"version-history":[{"count":4,"href":"https:\/\/www.friedensplattform.at\/index.php?rest_route=\/wp\/v2\/posts\/4793\/revisions"}],"predecessor-version":[{"id":4797,"href":"https:\/\/www.friedensplattform.at\/index.php?rest_route=\/wp\/v2\/posts\/4793\/revisions\/4797"}],"wp:attachment":[{"href":"https:\/\/www.friedensplattform.at\/index.php?rest_route=%2Fwp%2Fv2%2Fmedia&parent=4793"}],"wp:term":[{"taxonomy":"category","embeddable":true,"href":"https:\/\/www.friedensplattform.at\/index.php?rest_route=%2Fwp%2Fv2%2Fcategories&post=4793"},{"taxonomy":"post_tag","embeddable":true,"href":"https:\/\/www.friedensplattform.at\/index.php?rest_route=%2Fwp%2Fv2%2Ftags&post=4793"}],"curies":[{"name":"wp","href":"https:\/\/api.w.org\/{rel}","templated":true}]}}