{"id":4816,"date":"2018-10-15T05:14:45","date_gmt":"2018-10-15T05:14:45","guid":{"rendered":"http:\/\/www.friedensplattform.at\/?p=4816"},"modified":"2018-10-15T05:14:45","modified_gmt":"2018-10-15T05:14:45","slug":"17-10-friede-waechst-nicht-von-allein-gemeinsam-zeichen-setzen","status":"publish","type":"post","link":"https:\/\/www.friedensplattform.at\/?p=4816","title":{"rendered":"17.10.: Friede w\u00e4chst nicht von allein. Gemeinsam Zeichen setzen"},"content":{"rendered":"<div data-contents=\"true\">\n<div class=\"\" data-block=\"true\" data-editor=\"fvpu1\" data-offset-key=\"9atv2-0-0\">\n<h3 data-offset-key=\"9atv2-0-0\"><strong>\u00a0ab 16.30-19.00<\/strong><\/h3>\n<p><strong>TREFFPUNKT: EISERNES TOR<\/strong><\/p>\n<p><strong>ABSCHLUSSKUNDGEBUNG: SCHLOSSBERGPLATZ\u00a0 <\/strong><\/p>\n<div data-offset-key=\"9atv2-0-0\"><\/div>\n<h3 class=\"_1mf _1mj\" data-offset-key=\"9atv2-0-0\"><span data-offset-key=\"9atv2-0-0\">Die Agenda der Plattform Friedensweg<\/span><\/h3>\n<\/div>\n<div class=\"\" data-block=\"true\" data-editor=\"fvpu1\" data-offset-key=\"a1dcb-0-0\">\n<div class=\"_1mf _1mj\" data-offset-key=\"a1dcb-0-0\"><span data-offset-key=\"a1dcb-0-0\">\u00a0<\/span><\/div>\n<\/div>\n<div class=\"\" data-block=\"true\" data-editor=\"fvpu1\" data-offset-key=\"4ruah-0-0\">\n<div class=\"_1mf _1mj\" data-offset-key=\"4ruah-0-0\"><span data-offset-key=\"4ruah-0-0\">Mehr als 300.000 Menschen unterschiedlicher Ethnien und Religionen leben in Graz. Wohl alle w\u00fcnschen sich ein Leben hier in Frieden. Seit Jahrzehnten ist \u00d6sterreich von kriegerischen Auseinandersetzungen verschont, doch Friede w\u00e4chst nicht von allein. Wir m\u00fcssen ihn wollen, pflegen und Bewusstsein f\u00fcr ihn schaffen. <\/span><\/div>\n<div data-offset-key=\"4ruah-0-0\"><!--more--><\/div>\n<\/div>\n<div class=\"\" data-block=\"true\" data-editor=\"fvpu1\" data-offset-key=\"8ve7f-0-0\">\n<div class=\"_1mf _1mj\" data-offset-key=\"8ve7f-0-0\"><span data-offset-key=\"8ve7f-0-0\">\u00a0<\/span><\/div>\n<\/div>\n<div class=\"\" data-block=\"true\" data-editor=\"fvpu1\" data-offset-key=\"btfcf-0-0\">\n<div class=\"_1mf _1mj\" data-offset-key=\"btfcf-0-0\"><span data-offset-key=\"btfcf-0-0\">Zeigen wir uns solidarisch mit jenen, die fernab von Frieden leben m\u00fcssen! St\u00e4rken wir das Bewusstsein f\u00fcr die Notwendigkeit friedlichen Zusammenlebens!<\/span><\/div>\n<\/div>\n<div class=\"\" data-block=\"true\" data-editor=\"fvpu1\" data-offset-key=\"e1hu7-0-0\">\n<div class=\"_1mf _1mj\" data-offset-key=\"e1hu7-0-0\"><span data-offset-key=\"e1hu7-0-0\">\u00a0<\/span><\/div>\n<\/div>\n<div class=\"\" data-block=\"true\" data-editor=\"fvpu1\" data-offset-key=\"dhnpa-0-0\">\n<div class=\"_1mf _1mj\" data-offset-key=\"dhnpa-0-0\"><span data-offset-key=\"dhnpa-0-0\">Am 17.10.2018, und damit 100 Jahre nach Beendigung des 1. Weltkriegs, wollen wir Haltung zeigen.<\/span><\/div>\n<\/div>\n<div class=\"\" data-block=\"true\" data-editor=\"fvpu1\" data-offset-key=\"35q2e-0-0\"><\/div>\n<div class=\"\" data-block=\"true\" data-editor=\"fvpu1\" data-offset-key=\"n0cb-0-0\">\n<div class=\"_1mf _1mj\" data-offset-key=\"n0cb-0-0\"><span data-offset-key=\"n0cb-0-0\">Unser gemeinsamer \u201eFriedensweg\u201c f\u00fchrt vom Eisernen Tor bis zum Schlossbergplatz, wo die Abschlusskundgebung, begleitet von der &#8222;Original Union Bar&#8220;, stattfinden wird. Setzen wir ein Zeichen des Miteinanders und des Gespr\u00e4chs in unserer Stadt und dar\u00fcber hinaus. Treten wir f\u00fcr den nachhaltigen Frieden ein.<\/span><\/div>\n<\/div>\n<div class=\"\" data-block=\"true\" data-editor=\"fvpu1\" data-offset-key=\"6fac2-0-0\">\n<div class=\"_1mf _1mj\" data-offset-key=\"6fac2-0-0\"><span data-offset-key=\"6fac2-0-0\">\u00a0<\/span><\/div>\n<\/div>\n<div class=\"\" data-block=\"true\" data-editor=\"fvpu1\" data-offset-key=\"1u97v-0-0\">\n<div class=\"_1mf _1mj\" data-offset-key=\"1u97v-0-0\"><span data-offset-key=\"1u97v-0-0\">Ziel des Aktionsb\u00fcndnisses \u201ePlattform Friedensweg\u201c ist es, bestehende Friedensinitiativen zu b\u00fcndeln und, gem\u00e4\u00df der Geschichte der Stadt Graz, Organisationen in ihrem nachhaltigen, solidarischen Bestreben miteinander zu vernetzen. Mehr als 50 Grazer Organisationen, Vereine und Einrichtungen bekennen sich bereits zu diesem gemeinsamen Ziel.<\/span><\/div>\n<\/div>\n<div class=\"\" data-block=\"true\" data-editor=\"fvpu1\" data-offset-key=\"7blnj-0-0\">\n<div class=\"_1mf _1mj\" data-offset-key=\"7blnj-0-0\"><span data-offset-key=\"7blnj-0-0\">\u00a0<\/span><\/div>\n<\/div>\n<div class=\"\" data-block=\"true\" data-editor=\"fvpu1\" data-offset-key=\"c4bih-0-0\">\n<div class=\"_1mf _1mj\" data-offset-key=\"c4bih-0-0\"><span data-offset-key=\"c4bih-0-0\">\u00a0<\/span><\/div>\n<\/div>\n<div class=\"\" data-block=\"true\" data-editor=\"fvpu1\" data-offset-key=\"dn44e-0-0\">\n<div class=\"_1mf _1mj\" data-offset-key=\"dn44e-0-0\"><span data-offset-key=\"dn44e-0-0\">N\u00e4chstes Vernetzungstreffen der \u201ePlattform Friedensweg\u201c:<\/span><\/div>\n<\/div>\n<div class=\"\" data-block=\"true\" data-editor=\"fvpu1\" data-offset-key=\"5gt3l-0-0\">\n<div class=\"_1mf _1mj\" data-offset-key=\"5gt3l-0-0\"><span data-offset-key=\"5gt3l-0-0\">21.11.2018, 17:30, Caf\u00e9 Global, Leechgasse 22<\/span><\/div>\n<\/div>\n<div class=\"\" data-block=\"true\" data-editor=\"fvpu1\" data-offset-key=\"b2keh-0-0\">\n<div class=\"_1mf _1mj\" data-offset-key=\"b2keh-0-0\"><span data-offset-key=\"b2keh-0-0\">Herzliche Einladung! <\/span><\/div>\n<\/div>\n<div class=\"\" data-block=\"true\" data-editor=\"fvpu1\" data-offset-key=\"870jn-0-0\">\n<div class=\"_1mf _1mj\" data-offset-key=\"870jn-0-0\"><span data-offset-key=\"870jn-0-0\">\u00a0<\/span><\/div>\n<\/div>\n<div class=\"\" data-block=\"true\" data-editor=\"fvpu1\" data-offset-key=\"e73c8-0-0\">\n<div class=\"_1mf _1mj\" data-offset-key=\"e73c8-0-0\"><span data-offset-key=\"e73c8-0-0\">Teilnehmende Organisationen und Unterst\u00fctzerInnen:<\/span><\/div>\n<\/div>\n<div class=\"\" data-block=\"true\" data-editor=\"fvpu1\" data-offset-key=\"bn15a-0-0\">\n<div class=\"_1mf _1mj\" data-offset-key=\"bn15a-0-0\"><span data-offset-key=\"bn15a-0-0\">\u00a0<\/span><\/div>\n<\/div>\n<div class=\"\" data-block=\"true\" data-editor=\"fvpu1\" data-offset-key=\"1ndl6-0-0\">\n<div class=\"_1mf _1mj\" data-offset-key=\"1ndl6-0-0\"><span class=\"_247o\" spellcheck=\"false\" data-offset-key=\"1ndl6-0-0\"><span data-offset-key=\"1ndl6-0-0\">AAI &#8211; Afro-Asiatisches Institut Graz<\/span><\/span><\/div>\n<\/div>\n<div class=\"\" data-block=\"true\" data-editor=\"fvpu1\" data-offset-key=\"3aab-0-0\">\n<div class=\"_1mf _1mj\" data-offset-key=\"3aab-0-0\"><span data-offset-key=\"3aab-0-0\">Altb\u00fcrgermeister Alfred Stingl<\/span><\/div>\n<\/div>\n<div class=\"\" data-block=\"true\" data-editor=\"fvpu1\" data-offset-key=\"7ejbr-0-0\">\n<div class=\"_1mf _1mj\" data-offset-key=\"7ejbr-0-0\"><span class=\"_247o\" spellcheck=\"false\" data-offset-key=\"7ejbr-0-0\"><span data-offset-key=\"7ejbr-0-0\">Altkatholische Kirchengemeinde Graz<\/span><\/span><\/div>\n<\/div>\n<div class=\"\" data-block=\"true\" data-editor=\"fvpu1\" data-offset-key=\"6jl5g-0-0\">\n<div class=\"_1mf _1mj\" data-offset-key=\"6jl5g-0-0\"><span data-offset-key=\"6jl5g-0-0\">Antidiskiminierungsstelle Steiermark<\/span><\/div>\n<\/div>\n<div class=\"\" data-block=\"true\" data-editor=\"fvpu1\" data-offset-key=\"5o2rk-0-0\">\n<div class=\"_1mf _1mj\" data-offset-key=\"5o2rk-0-0\"><span class=\"_247o\" spellcheck=\"false\" data-offset-key=\"5o2rk-0-0\"><span data-offset-key=\"5o2rk-0-0\">ARGE Jugend gegen Gewalt und Rassismus<\/span><\/span><\/div>\n<\/div>\n<div class=\"\" data-block=\"true\" data-editor=\"fvpu1\" data-offset-key=\"af1h4-0-0\">\n<div class=\"_1mf _1mj\" data-offset-key=\"af1h4-0-0\"><span data-offset-key=\"af1h4-0-0\">Bah\u00e1\u2019\u00ed Gemeinde Graz<\/span><\/div>\n<\/div>\n<div class=\"\" data-block=\"true\" data-editor=\"fvpu1\" data-offset-key=\"c5svi-0-0\">\n<div class=\"_1mf _1mj\" data-offset-key=\"c5svi-0-0\"><span data-offset-key=\"c5svi-0-0\">Bund Sozialdemokratischer Freiheitsk\u00e4mpferInnen,<\/span><\/div>\n<\/div>\n<div class=\"\" data-block=\"true\" data-editor=\"fvpu1\" data-offset-key=\"a74h5-0-0\">\n<div class=\"_1mf _1mj\" data-offset-key=\"a74h5-0-0\"><span data-offset-key=\"a74h5-0-0\">Opfer des Faschismus und aktiver AntifaschistInnen<\/span><\/div>\n<\/div>\n<div class=\"\" data-block=\"true\" data-editor=\"fvpu1\" data-offset-key=\"afh52-0-0\">\n<div class=\"_1mf _1mj\" data-offset-key=\"afh52-0-0\"><span class=\"_247o\" spellcheck=\"false\" data-offset-key=\"afh52-0-0\"><span data-offset-key=\"afh52-0-0\">Caritas Steiermark<\/span><\/span><\/div>\n<\/div>\n<div class=\"\" data-block=\"true\" data-editor=\"fvpu1\" data-offset-key=\"7hmn7-0-0\">\n<div class=\"_1mf _1mj\" data-offset-key=\"7hmn7-0-0\"><span class=\"_247o\" spellcheck=\"false\" data-offset-key=\"7hmn7-0-0\"><span data-offset-key=\"7hmn7-0-0\">CLIO<\/span><\/span><\/div>\n<\/div>\n<div class=\"\" data-block=\"true\" data-editor=\"fvpu1\" data-offset-key=\"f1rqo-0-0\">\n<div class=\"_1mf _1mj\" data-offset-key=\"f1rqo-0-0\"><span class=\"_247o\" spellcheck=\"false\" data-offset-key=\"f1rqo-0-0\"><span data-offset-key=\"f1rqo-0-0\">CPD Policy Blog<\/span><\/span><\/div>\n<\/div>\n<div class=\"\" data-block=\"true\" data-editor=\"fvpu1\" data-offset-key=\"2q5k0-0-0\">\n<div class=\"_1mf _1mj\" data-offset-key=\"2q5k0-0-0\"><span class=\"_247o\" spellcheck=\"false\" data-offset-key=\"2q5k0-0-0\"><span data-offset-key=\"2q5k0-0-0\">MigrantInnenbeirat Graz<\/span><\/span><\/div>\n<\/div>\n<div class=\"\" data-block=\"true\" data-editor=\"fvpu1\" data-offset-key=\"c9gvq-0-0\">\n<div class=\"_1mf _1mj\" data-offset-key=\"c9gvq-0-0\"><span class=\"_247o\" spellcheck=\"false\" data-offset-key=\"c9gvq-0-0\"><span data-offset-key=\"c9gvq-0-0\">Die Gr\u00fcnen Steiermark<\/span><\/span><\/div>\n<\/div>\n<div class=\"\" data-block=\"true\" data-editor=\"fvpu1\" data-offset-key=\"32krh-0-0\">\n<div class=\"_1mf _1mj\" data-offset-key=\"32krh-0-0\"><span data-offset-key=\"32krh-0-0\">Di\u00f6zese Graz-Seckau<\/span><\/div>\n<\/div>\n<div class=\"\" data-block=\"true\" data-editor=\"fvpu1\" data-offset-key=\"cmmov-0-0\">\n<div class=\"_1mf _1mj\" data-offset-key=\"cmmov-0-0\"><span class=\"_247o\" spellcheck=\"false\" data-offset-key=\"cmmov-0-0\"><span data-offset-key=\"cmmov-0-0\">ETC Graz &#8211; Europ\u00e4isches Trainings- und Forschungszentrum f\u00fcr Menschenrechte<\/span><\/span><\/div>\n<\/div>\n<div class=\"\" data-block=\"true\" data-editor=\"fvpu1\" data-offset-key=\"6t2fs-0-0\">\n<div class=\"_1mf _1mj\" data-offset-key=\"6t2fs-0-0\"><span class=\"_247o\" spellcheck=\"false\" data-offset-key=\"6t2fs-0-0\"><span data-offset-key=\"6t2fs-0-0\">Evangelische Jugend Steiermark<\/span><\/span><\/div>\n<\/div>\n<div class=\"\" data-block=\"true\" data-editor=\"fvpu1\" data-offset-key=\"8jqs-0-0\">\n<div class=\"_1mf _1mj\" data-offset-key=\"8jqs-0-0\"><span data-offset-key=\"8jqs-0-0\">Evangelische Kirche Steiermark<\/span><\/div>\n<\/div>\n<div class=\"\" data-block=\"true\" data-editor=\"fvpu1\" data-offset-key=\"3fsct-0-0\">\n<div class=\"_1mf _1mj\" data-offset-key=\"3fsct-0-0\"><span class=\"_247o\" spellcheck=\"false\" data-offset-key=\"3fsct-0-0\"><span data-offset-key=\"3fsct-0-0\">Evangelisch-methodistische Kirche in Graz<\/span><\/span><\/div>\n<\/div>\n<div class=\"\" data-block=\"true\" data-editor=\"fvpu1\" data-offset-key=\"8i2b0-0-0\">\n<div class=\"_1mf _1mj\" data-offset-key=\"8i2b0-0-0\"><span data-offset-key=\"8i2b0-0-0\">Frauenrat Graz<\/span><\/div>\n<\/div>\n<div class=\"\" data-block=\"true\" data-editor=\"fvpu1\" data-offset-key=\"4tjud-0-0\">\n<div class=\"_1mf _1mj\" data-offset-key=\"4tjud-0-0\"><span class=\"_247o\" spellcheck=\"false\" data-offset-key=\"4tjud-0-0\"><span data-offset-key=\"4tjud-0-0\">Friedensb\u00fcro Graz<\/span><\/span><\/div>\n<\/div>\n<div class=\"\" data-block=\"true\" data-editor=\"fvpu1\" data-offset-key=\"becti-0-0\">\n<div class=\"_1mf _1mj\" data-offset-key=\"becti-0-0\"><span class=\"_247o\" spellcheck=\"false\" data-offset-key=\"becti-0-0\"><span data-offset-key=\"becti-0-0\">Gedenkinitiative Graz-Liebenau<\/span><\/span><\/div>\n<\/div>\n<div class=\"\" data-block=\"true\" data-editor=\"fvpu1\" data-offset-key=\"27s68-0-0\">\n<div class=\"_1mf _1mj\" data-offset-key=\"27s68-0-0\"><span data-offset-key=\"27s68-0-0\">Granatapfel Kulturvermittlung<\/span><\/div>\n<\/div>\n<div class=\"\" data-block=\"true\" data-editor=\"fvpu1\" data-offset-key=\"13l0g-0-0\">\n<div class=\"_1mf _1mj\" data-offset-key=\"13l0g-0-0\"><span class=\"_247o\" spellcheck=\"false\" data-offset-key=\"13l0g-0-0\"><span data-offset-key=\"13l0g-0-0\">\u00d6H Uni Graz<\/span><\/span><\/div>\n<\/div>\n<div class=\"\" data-block=\"true\" data-editor=\"fvpu1\" data-offset-key=\"73ufm-0-0\">\n<div class=\"_1mf _1mj\" data-offset-key=\"73ufm-0-0\"><span class=\"_247o\" spellcheck=\"false\" data-offset-key=\"73ufm-0-0\"><span data-offset-key=\"73ufm-0-0\">IRIS Gesellschaft fuer Konfliktkultur &amp; Mediation<\/span><\/span><\/div>\n<\/div>\n<div class=\"\" data-block=\"true\" data-editor=\"fvpu1\" data-offset-key=\"3j3ju-0-0\">\n<div class=\"_1mf _1mj\" data-offset-key=\"3j3ju-0-0\"><span class=\"_247o\" spellcheck=\"false\" data-offset-key=\"3j3ju-0-0\"><span data-offset-key=\"3j3ju-0-0\">Islamische Religionsgemeinde Graz<\/span><\/span><\/div>\n<\/div>\n<div class=\"\" data-block=\"true\" data-editor=\"fvpu1\" data-offset-key=\"42ffv-0-0\">\n<div class=\"_1mf _1mj\" data-offset-key=\"42ffv-0-0\"><span class=\"_247o\" spellcheck=\"false\" data-offset-key=\"42ffv-0-0\"><span data-offset-key=\"42ffv-0-0\">Kinderb\u00fcro &#8211; Die Lobby f\u00fcr Menschen bis 14<\/span><\/span><\/div>\n<\/div>\n<div class=\"\" data-block=\"true\" data-editor=\"fvpu1\" data-offset-key=\"29gt0-0-0\">\n<div class=\"_1mf _1mj\" data-offset-key=\"29gt0-0-0\"><span class=\"_247o\" spellcheck=\"false\" data-offset-key=\"29gt0-0-0\"><span data-offset-key=\"29gt0-0-0\">Kinderland Steiermark<\/span><\/span><\/div>\n<\/div>\n<div class=\"\" data-block=\"true\" data-editor=\"fvpu1\" data-offset-key=\"b76ms-0-0\">\n<div class=\"_1mf _1mj\" data-offset-key=\"b76ms-0-0\"><span class=\"_247o\" spellcheck=\"false\" data-offset-key=\"b76ms-0-0\"><span data-offset-key=\"b76ms-0-0\">Kirche Jesu Christi der Heiligen der Letzten Tage (Mormonen)<\/span><\/span><\/div>\n<\/div>\n<div class=\"\" data-block=\"true\" data-editor=\"fvpu1\" data-offset-key=\"a6lpj-0-0\">\n<div class=\"_1mf _1mj\" data-offset-key=\"a6lpj-0-0\"><span class=\"_247o\" spellcheck=\"false\" data-offset-key=\"a6lpj-0-0\"><span data-offset-key=\"a6lpj-0-0\">Die Koptisch-Orthodoxe Gemeinde in Graz<\/span><\/span><\/div>\n<\/div>\n<div class=\"\" data-block=\"true\" data-editor=\"fvpu1\" data-offset-key=\"8thve-0-0\">\n<div class=\"_1mf _1mj\" data-offset-key=\"8thve-0-0\"><span class=\"_247o\" spellcheck=\"false\" data-offset-key=\"8thve-0-0\"><span data-offset-key=\"8thve-0-0\">KP\u00d6 Steiermark<\/span><\/span><\/div>\n<\/div>\n<div class=\"\" data-block=\"true\" data-editor=\"fvpu1\" data-offset-key=\"3hbn8-0-0\">\n<div class=\"_1mf _1mj\" data-offset-key=\"3hbn8-0-0\"><span class=\"_247o\" spellcheck=\"false\" data-offset-key=\"3hbn8-0-0\"><span data-offset-key=\"3hbn8-0-0\">Kultur Graz<\/span><\/span><\/div>\n<\/div>\n<div class=\"\" data-block=\"true\" data-editor=\"fvpu1\" data-offset-key=\"411sp-0-0\">\n<div class=\"_1mf _1mj\" data-offset-key=\"411sp-0-0\"><span data-offset-key=\"411sp-0-0\">Kulturamt der Stadt Graz<\/span><\/div>\n<\/div>\n<div class=\"\" data-block=\"true\" data-editor=\"fvpu1\" data-offset-key=\"fin7b-0-0\">\n<div class=\"_1mf _1mj\" data-offset-key=\"fin7b-0-0\"><span class=\"_247o\" spellcheck=\"false\" data-offset-key=\"fin7b-0-0\"><span data-offset-key=\"fin7b-0-0\">Kulturvermittlung Steiermark<\/span><\/span><\/div>\n<\/div>\n<div class=\"\" data-block=\"true\" data-editor=\"fvpu1\" data-offset-key=\"e8ff5-0-0\">\n<div class=\"_1mf _1mj\" data-offset-key=\"e8ff5-0-0\"><span data-offset-key=\"e8ff5-0-0\">KZ Verband Steiermark<\/span><\/div>\n<\/div>\n<div class=\"\" data-block=\"true\" data-editor=\"fvpu1\" data-offset-key=\"cuuh5-0-0\">\n<div class=\"_1mf _1mj\" data-offset-key=\"cuuh5-0-0\"><span class=\"_247o\" spellcheck=\"false\" data-offset-key=\"cuuh5-0-0\"><span data-offset-key=\"cuuh5-0-0\">Steirischer Landesjugendbeirat<\/span><\/span><\/div>\n<\/div>\n<div class=\"\" data-block=\"true\" data-editor=\"fvpu1\" data-offset-key=\"ej3lo-0-0\">\n<div class=\"_1mf _1mj\" data-offset-key=\"ej3lo-0-0\"><span data-offset-key=\"ej3lo-0-0\">Menschenrechtsbeirat der Stadt Graz<\/span><\/div>\n<\/div>\n<div class=\"\" data-block=\"true\" data-editor=\"fvpu1\" data-offset-key=\"5ne24-0-0\">\n<div class=\"_1mf _1mj\" data-offset-key=\"5ne24-0-0\"><span class=\"_247o\" spellcheck=\"false\" data-offset-key=\"5ne24-0-0\"><span data-offset-key=\"5ne24-0-0\">MigrantInnenbeirat Graz<\/span><\/span><\/div>\n<\/div>\n<div class=\"\" data-block=\"true\" data-editor=\"fvpu1\" data-offset-key=\"am64b-0-0\">\n<div class=\"_1mf _1mj\" data-offset-key=\"am64b-0-0\"><span class=\"_247o\" spellcheck=\"false\" data-offset-key=\"am64b-0-0\"><span data-offset-key=\"am64b-0-0\">Muslimische Jugend \u00d6sterreich<\/span><\/span><\/div>\n<\/div>\n<div class=\"\" data-block=\"true\" data-editor=\"fvpu1\" data-offset-key=\"21h31-0-0\">\n<div class=\"_1mf _1mj\" data-offset-key=\"21h31-0-0\"><span data-offset-key=\"21h31-0-0\">Omas gegen Rechts<\/span><\/div>\n<\/div>\n<div class=\"\" data-block=\"true\" data-editor=\"fvpu1\" data-offset-key=\"8url7-0-0\">\n<div class=\"_1mf _1mj\" data-offset-key=\"8url7-0-0\"><span class=\"_247o\" spellcheck=\"false\" data-offset-key=\"8url7-0-0\"><span data-offset-key=\"8url7-0-0\">OMEGA Transkulturelles Zentrum Graz<\/span><\/span><\/div>\n<\/div>\n<div class=\"\" data-block=\"true\" data-editor=\"fvpu1\" data-offset-key=\"7dk5n-0-0\">\n<div class=\"_1mf _1mj\" data-offset-key=\"7dk5n-0-0\"><span data-offset-key=\"7dk5n-0-0\">\u00d6sterreichische Buddhistische Religionsgesellschaft \u00d6BR<\/span><\/div>\n<\/div>\n<div class=\"\" data-block=\"true\" data-editor=\"fvpu1\" data-offset-key=\"9a8co-0-0\">\n<div class=\"_1mf _1mj\" data-offset-key=\"9a8co-0-0\"><span data-offset-key=\"9a8co-0-0\">PAX CHRISTI Steiermark<\/span><\/div>\n<\/div>\n<div class=\"\" data-block=\"true\" data-editor=\"fvpu1\" data-offset-key=\"594nl-0-0\">\n<div class=\"_1mf _1mj\" data-offset-key=\"594nl-0-0\"><span class=\"_247o\" spellcheck=\"false\" data-offset-key=\"594nl-0-0\"><span data-offset-key=\"594nl-0-0\">SP\u00d6 Steiermark<\/span><\/span><\/div>\n<\/div>\n<div class=\"\" data-block=\"true\" data-editor=\"fvpu1\" data-offset-key=\"3t4o5-0-0\">\n<div class=\"_1mf _1mj\" data-offset-key=\"3t4o5-0-0\"><span class=\"_247o\" spellcheck=\"false\" data-offset-key=\"3t4o5-0-0\"><span data-offset-key=\"3t4o5-0-0\">Bildung &amp; Integration in Graz<\/span><\/span><\/div>\n<\/div>\n<div class=\"\" data-block=\"true\" data-editor=\"fvpu1\" data-offset-key=\"fa3p-0-0\">\n<div class=\"_1mf _1mj\" data-offset-key=\"fa3p-0-0\"><span data-offset-key=\"fa3p-0-0\">Steirische Friedensplattform<\/span><\/div>\n<\/div>\n<div class=\"\" data-block=\"true\" data-editor=\"fvpu1\" data-offset-key=\"4mdlj-0-0\">\n<div class=\"_1mf _1mj\" data-offset-key=\"4mdlj-0-0\"><span class=\"_247o\" spellcheck=\"false\" data-offset-key=\"4mdlj-0-0\"><span data-offset-key=\"4mdlj-0-0\">Steirische Volkspartei<\/span><\/span><\/div>\n<\/div>\n<div class=\"\" data-block=\"true\" data-editor=\"fvpu1\" data-offset-key=\"a1f0-0-0\">\n<div class=\"_1mf _1mj\" data-offset-key=\"a1f0-0-0\"><span data-offset-key=\"a1f0-0-0\">UNI ETC<\/span><\/div>\n<\/div>\n<div class=\"\" data-block=\"true\" data-editor=\"fvpu1\" data-offset-key=\"1ddg1-0-0\">\n<div class=\"_1mf _1mj\" data-offset-key=\"1ddg1-0-0\"><span class=\"_247o\" spellcheck=\"false\" data-offset-key=\"1ddg1-0-0\"><span data-offset-key=\"1ddg1-0-0\">Urania Graz<\/span><\/span><\/div>\n<\/div>\n<div class=\"\" data-block=\"true\" data-editor=\"fvpu1\" data-offset-key=\"b1rog-0-0\">\n<div class=\"_1mf _1mj\" data-offset-key=\"b1rog-0-0\"><span class=\"_247o\" spellcheck=\"false\" data-offset-key=\"b1rog-0-0\"><span data-offset-key=\"b1rog-0-0\">Verein f\u00fcr Gedenkkultur<\/span><\/span><\/div>\n<\/div>\n<div class=\"\" data-block=\"true\" data-editor=\"fvpu1\" data-offset-key=\"7p5pn-0-0\">\n<div class=\"_1mf _1mj\" data-offset-key=\"7p5pn-0-0\"><span data-offset-key=\"7p5pn-0-0\">Vinzenzgemeinschaft &#8222;VinziHelp &#8211; Frauen helfen Frauen&#8220;<\/span><\/div>\n<\/div>\n<div class=\"\" data-block=\"true\" data-editor=\"fvpu1\" data-offset-key=\"5h0m7-0-0\">\n<div class=\"_1mf _1mj\" data-offset-key=\"5h0m7-0-0\"><span class=\"_247o\" spellcheck=\"false\" data-offset-key=\"5h0m7-0-0\"><span data-offset-key=\"5h0m7-0-0\">Volkshilfe Steiermark<\/span><\/span><\/div>\n<\/div>\n<div class=\"\" data-block=\"true\" data-editor=\"fvpu1\" data-offset-key=\"48jfc-0-0\">\n<div class=\"_1mf _1mj\" data-offset-key=\"48jfc-0-0\"><span class=\"_247o\" spellcheck=\"false\" data-offset-key=\"48jfc-0-0\"><span data-offset-key=\"48jfc-0-0\">Welthaus Graz<\/span><\/span><\/div>\n<\/div>\n<div class=\"\" data-block=\"true\" data-editor=\"fvpu1\" data-offset-key=\"7v4te-0-0\">\n<div class=\"_1mf _1mj\" data-offset-key=\"7v4te-0-0\"><span class=\"_247o\" spellcheck=\"false\" data-offset-key=\"7v4te-0-0\"><span data-offset-key=\"7v4te-0-0\">XENOS &#8211; Verein zur F\u00f6rderung der soziokulturellen Vielfalt<\/span><\/span><\/div>\n<\/div>\n<div class=\"\" data-block=\"true\" data-editor=\"fvpu1\" data-offset-key=\"1jkds-0-0\">\n<div class=\"_1mf _1mj\" data-offset-key=\"1jkds-0-0\"><span data-offset-key=\"1jkds-0-0\">\u00a0<\/span><\/div>\n<\/div>\n<div class=\"\" data-block=\"true\" data-editor=\"fvpu1\" data-offset-key=\"fbdgk-0-0\">\n<div class=\"_1mf _1mj\" data-offset-key=\"fbdgk-0-0\"><span class=\"_247o\" spellcheck=\"false\" data-offset-key=\"fbdgk-0-0\"><span data-offset-key=\"fbdgk-0-0\">&lt; rotor &gt; association for contemporary art<\/span><\/span><\/div>\n<\/div>\n<div class=\"\" data-block=\"true\" data-editor=\"fvpu1\" data-offset-key=\"bfhoj-0-0\">\n<div class=\"_1mf _1mj\" data-offset-key=\"bfhoj-0-0\"><span data-offset-key=\"bfhoj-0-0\">8. M\u00e4rz-Komitee<\/span><\/div>\n<\/div>\n<\/div>\n<p>&nbsp;<\/p>\n<p><!--more--><\/p>\n","protected":false},"excerpt":{"rendered":"<p>\u00a0ab 16.30-19.00 TREFFPUNKT: EISERNES TOR ABSCHLUSSKUNDGEBUNG: SCHLOSSBERGPLATZ\u00a0 Die Agenda der Plattform Friedensweg \u00a0 Mehr als 300.000 Menschen unterschiedlicher Ethnien und Religionen leben in Graz. Wohl alle w\u00fcnschen sich ein Leben hier in Frieden. Seit Jahrzehnten ist \u00d6sterreich von kriegerischen Auseinandersetzungen verschont, doch Friede w\u00e4chst nicht von allein. Wir m\u00fcssen ihn wollen, pflegen und Bewusstsein f\u00fcr &hellip; <a href=\"https:\/\/www.friedensplattform.at\/?p=4816\" class=\"more-link\"><span class=\"screen-reader-text\">17.10.: Friede w\u00e4chst nicht von allein. Gemeinsam Zeichen setzen<\/span> weiterlesen <span class=\"meta-nav\">&rarr;<\/span><\/a><\/p>\n","protected":false},"author":2,"featured_media":0,"comment_status":"open","ping_status":"open","sticky":false,"template":"","format":"standard","meta":{"footnotes":""},"categories":[1],"tags":[],"class_list":["post-4816","post","type-post","status-publish","format-standard","hentry","category-allgemein"],"_links":{"self":[{"href":"https:\/\/www.friedensplattform.at\/index.php?rest_route=\/wp\/v2\/posts\/4816","targetHints":{"allow":["GET"]}}],"collection":[{"href":"https:\/\/www.friedensplattform.at\/index.php?rest_route=\/wp\/v2\/posts"}],"about":[{"href":"https:\/\/www.friedensplattform.at\/index.php?rest_route=\/wp\/v2\/types\/post"}],"author":[{"embeddable":true,"href":"https:\/\/www.friedensplattform.at\/index.php?rest_route=\/wp\/v2\/users\/2"}],"replies":[{"embeddable":true,"href":"https:\/\/www.friedensplattform.at\/index.php?rest_route=%2Fwp%2Fv2%2Fcomments&post=4816"}],"version-history":[{"count":1,"href":"https:\/\/www.friedensplattform.at\/index.php?rest_route=\/wp\/v2\/posts\/4816\/revisions"}],"predecessor-version":[{"id":4817,"href":"https:\/\/www.friedensplattform.at\/index.php?rest_route=\/wp\/v2\/posts\/4816\/revisions\/4817"}],"wp:attachment":[{"href":"https:\/\/www.friedensplattform.at\/index.php?rest_route=%2Fwp%2Fv2%2Fmedia&parent=4816"}],"wp:term":[{"taxonomy":"category","embeddable":true,"href":"https:\/\/www.friedensplattform.at\/index.php?rest_route=%2Fwp%2Fv2%2Fcategories&post=4816"},{"taxonomy":"post_tag","embeddable":true,"href":"https:\/\/www.friedensplattform.at\/index.php?rest_route=%2Fwp%2Fv2%2Ftags&post=4816"}],"curies":[{"name":"wp","href":"https:\/\/api.w.org\/{rel}","templated":true}]}}