{"id":4818,"date":"2018-10-24T19:04:22","date_gmt":"2018-10-24T19:04:22","guid":{"rendered":"http:\/\/www.friedensplattform.at\/?p=4818"},"modified":"2018-12-11T08:40:12","modified_gmt":"2018-12-11T08:40:12","slug":"5-11-naechster-termin-der-friedensplattform","status":"publish","type":"post","link":"https:\/\/www.friedensplattform.at\/?p=4818","title":{"rendered":"GAZA DRAMA 6.12. Cafe Stockwerk 19 Uhr"},"content":{"rendered":"<h3>Augenzeugenbericht mit Perspektiven f\u00fcr eine gerechte L\u00f6sung<\/h3>\n<p><a href=\"http:\/\/www.friedensplattform.at\/wp-content\/uploads\/2018\/10\/attia-rajab.jpg\"><img loading=\"lazy\" decoding=\"async\" class=\"alignnone size-full wp-image-4915\" src=\"http:\/\/www.friedensplattform.at\/wp-content\/uploads\/2018\/10\/attia-rajab.jpg\" alt=\"\" width=\"209\" height=\"153\" \/><\/a><\/p>\n<p>Dialog mit <strong>Attia Rajab<\/strong>, aufgewachsen in Gaza. Er besuchte vor kurzem seine Familie in Gaza<\/p>\n<p><!--more--><\/p>\n<div>\n<div>\n<div>und konnte sich dabei ein Bild von der verzweifelten Lage der<br \/>\nPal\u00e4stinenser verschaffen. Mehr als zwei Millionen Menschen sind ohne<br \/>\njede Lebensperspektive eingesperrt, ohne ausreichende Versorgung mit<br \/>\nWasser, Nahrung, Medizin, Ausbildung, Infrastruktur, ganz zu schweigen<br \/>\nvon Arbeit, Kultur und politischer Selbstbestimmung. Nicht zu vergessen<br \/>\ndie milit\u00e4rische Aggression durch Israel, mit st\u00e4ndigen gr\u00f6\u00dferen und<br \/>\nkleineren Angriffen. Und nun hat die USA noch die Zahlungen an die UNWRA<br \/>\neingestellt, den wichtigsten Dienstleister und Arbeitgeber der<br \/>\nPal\u00e4stinenser.Auch ein Bild von der politischen Bewegung vor Ort versuchte sich Attia<br \/>\nzu machen, die durch den Druck \u00e4u\u00dferer M\u00e4chte und die historischen<br \/>\nEntt\u00e4uschungen gepr\u00e4gt ist, aber neue Alternativen entwickelt.Veranstaltet von:<br \/>\n<em>Antifaschistische Aktion, Antiimperialistische Koordination (AIK), BDS<\/em><br \/>\n<em> Austria, Dar al Janub, DIDF Wien, Frauen in Schwarz Wien, Gaza muss<\/em><br \/>\n<em> leben, Gesellschaft f\u00fcr \u00d6sterreichisch-Arabische Beziehungen (G\u00d6AB),<\/em><br \/>\n<em> Handala, \u00d6sterreichisch-Arabisches Kulturzentrum (OKAZ), Pal\u00e4stina<\/em><br \/>\n<em> Solidarit\u00e4t Steiermark, Solidarwerkstatt, Steirische Friedensplattform<\/em><\/p>\n<\/div>\n<\/div>\n<\/div>\n<div><\/div>\n<div>In Linz am 5.12. um 18:00, Waltherstrasse 15<\/div>\n<div>In Wien am 7.12. um 18:00, Gudrunstrasse 133<\/div>\n<div><\/div>\n<div>\n<h3><a href=\"http:\/\/www.friedensplattform.at\/wp-content\/uploads\/2018\/10\/gaza_drama_6_12_18.pdf\">gaza_drama_6_12_18<\/a><\/h3>\n<p>&nbsp;<\/p>\n<\/div>\n<h3><\/h3>\n<p>&nbsp;<\/p>\n<h3><\/h3>\n","protected":false},"excerpt":{"rendered":"<p>Augenzeugenbericht mit Perspektiven f\u00fcr eine gerechte L\u00f6sung Dialog mit Attia Rajab, aufgewachsen in Gaza. Er besuchte vor kurzem seine Familie in Gaza<\/p>\n","protected":false},"author":2,"featured_media":0,"comment_status":"open","ping_status":"open","sticky":false,"template":"","format":"standard","meta":{"footnotes":""},"categories":[1,18,19,21],"tags":[],"class_list":["post-4818","post","type-post","status-publish","format-standard","hentry","category-allgemein","category-palaestina-solidaritaet","category-termine","category-veranstaltungshinweise"],"_links":{"self":[{"href":"https:\/\/www.friedensplattform.at\/index.php?rest_route=\/wp\/v2\/posts\/4818","targetHints":{"allow":["GET"]}}],"collection":[{"href":"https:\/\/www.friedensplattform.at\/index.php?rest_route=\/wp\/v2\/posts"}],"about":[{"href":"https:\/\/www.friedensplattform.at\/index.php?rest_route=\/wp\/v2\/types\/post"}],"author":[{"embeddable":true,"href":"https:\/\/www.friedensplattform.at\/index.php?rest_route=\/wp\/v2\/users\/2"}],"replies":[{"embeddable":true,"href":"https:\/\/www.friedensplattform.at\/index.php?rest_route=%2Fwp%2Fv2%2Fcomments&post=4818"}],"version-history":[{"count":11,"href":"https:\/\/www.friedensplattform.at\/index.php?rest_route=\/wp\/v2\/posts\/4818\/revisions"}],"predecessor-version":[{"id":4920,"href":"https:\/\/www.friedensplattform.at\/index.php?rest_route=\/wp\/v2\/posts\/4818\/revisions\/4920"}],"wp:attachment":[{"href":"https:\/\/www.friedensplattform.at\/index.php?rest_route=%2Fwp%2Fv2%2Fmedia&parent=4818"}],"wp:term":[{"taxonomy":"category","embeddable":true,"href":"https:\/\/www.friedensplattform.at\/index.php?rest_route=%2Fwp%2Fv2%2Fcategories&post=4818"},{"taxonomy":"post_tag","embeddable":true,"href":"https:\/\/www.friedensplattform.at\/index.php?rest_route=%2Fwp%2Fv2%2Ftags&post=4818"}],"curies":[{"name":"wp","href":"https:\/\/api.w.org\/{rel}","templated":true}]}}