{"id":483,"date":"2008-12-30T09:55:52","date_gmt":"2008-12-30T07:55:52","guid":{"rendered":"http:\/\/www.luxorbis.org\/friedensplattform.at\/?p=483"},"modified":"2008-12-30T09:55:52","modified_gmt":"2008-12-30T07:55:52","slug":"gaza-pax-christi-fordert-ende-der-angriffe","status":"publish","type":"post","link":"https:\/\/www.friedensplattform.at\/?p=483","title":{"rendered":"Gaza: Pax Christi fordert Ende der Angriffe"},"content":{"rendered":"<h3>Sofortige Einstellung der        israelischen Milit\u00e4rangriffe gegen Gaza!<strong><span style=\"font-family: Verdana; font-size: x-large;\"><span style=\"font-size: 24pt; font-family: Verdana;\"><\/span><\/span><\/strong><\/h3>\n<h5>Pax Christi Nahostkommission        widerspricht Bundesau\u00dfenminister Steinmeier und fordert sofortige        Einstellung der israelischen Milit\u00e4rangriffe gegen        Gaza.<\/h5>\n<p><!--more--><\/p>\n<p><span style=\"font-family: Verdana; font-size: xx-small;\"><span style=\"font-size: 9pt; font-family: Verdana;\">Die pax christi &#8211;        Nahostkommission widerspricht Au\u00dfenminister Steinmeier, der f\u00fcr        israelische Milit\u00e4rschl\u00e4ge gegen die Menschen in Gaza Verst\u00e4ndnis zeigt.        Die \u00c4u\u00dferungen Steinmeiers best\u00e4rken nicht nur Israel in seiner        perspektivlosen Pal\u00e4stina-Politik, sie zeigen auch die Hilflosigkeit der        deutschen Nahost-Politik. \u00dcber 200 Tote und mehrere hundert verletzte        Pal\u00e4stinenser, darunter auch Kinder, sind das Ergebnis der israelischen        Angriffe vom 27. Dezember.<\/span><\/span><\/p>\n<p><span style=\"font-family: Verdana; font-size: xx-small;\"><span style=\"font-size: 9pt; font-family: Verdana;\">pax christi kritisiert die        doppelten Standards in der Argumentation von Steinmeier f\u00fcr milit\u00e4rische        Gewalt und die Parteinahme f\u00fcr die Gewalt einer Seite: W\u00e4hrend        Luftangriffe der Besatzungsmacht als Recht auf Selbstverteidigung        eingestuft werden, wird die Gewalt der um Freiheit ringenden Pal\u00e4stinenser        verurteilt. Milit\u00e4risch ist der Konflikt nicht zu l\u00f6sen.<br \/>\nWir teilen        die Besorgnis des Au\u00dfenministers \u00fcber die Eskalation. Nicht nur der        Raketenbeschuss auf israelisches Gebiet muss aufh\u00f6ren, auch Israel muss        seine Bombardierungen einstellen. Eine Bodenoffensive darf es nicht geben,        Waffenstillstand sofort! Verhandlungen mit der Hamas sind jetzt notwendig,        um die Einstellung der Raketenangriffe zu        erreichen.<\/span><\/span><\/p>\n<p><span style=\"font-family: Verdana; font-size: xx-small;\"><span style=\"font-size: 9pt; font-family: Verdana;\">pax christi unterst\u00fctzt die        Forderungen der israelischen Friedensbewegung wie <a title=\"New Profile - A Movement for the Civil-ization of Israeli Society\" href=\"http:\/\/www.newprofile.org\/default.asp?language=en\"><strong><strong><span style=\"font-family: Verdana; color: #36489d;\"><span style=\"color: #36489d; font-family: Verdana;\">New Profile <\/span><\/span><\/strong><\/strong><\/a> und <a title=\"Gush-Shalom\" href=\"http:\/\/www.gush-shalom.org\/\"><strong><strong><span style=\"font-family: Verdana; color: #36489d;\"><span style=\"color: #36489d; font-family: Verdana;\">Gush        Shalom <\/span><\/span><\/strong><\/strong><\/a>, die Verhandlungen statt Massaker        und ein Ende der Blockade von Gaza fordern. Es sei die israelische        Regierung gewesen, die den Waffenstillstand gebrochen hat, schreibt Gush        Shalom, und verweist auf die Milit\u00e4raktion der israelische Armee in Gaza        in der Nacht der amerikanischen Wahlen, w\u00e4hrend der Pal\u00e4stinenser get\u00f6tet        wurden. Schon seit Monaten ist die Lage der pal\u00e4stinensischen        Zivilbev\u00f6lkerung besorgniserregend, da die israelische Besatzungsmacht        wiederholt lebensnotwendige Einfuhren nicht zul\u00e4sst. Israel als        Besatzungsmacht ist daf\u00fcr verantwortlich, dass die Bev\u00f6lkerung des        Gazastreifens ausreichend versorgt wird. Darauf muss die Bundesregierung        dr\u00e4ngen. Aushungern und Einsperren von 1,5 Millionen Menschen in Gaza ist        keine L\u00f6sung.<\/span><\/span><\/p>\n<p><span style=\"font-family: Verdana; font-size: xx-small;\"><span style=\"font-size: 9pt; font-family: Verdana;\">Bundesregierung und EU        fordern wir auf, sich ernsthaft f\u00fcr eine politische L\u00f6sung des Konflikts        einzusetzen und nicht Verst\u00e4ndnis f\u00fcr milit\u00e4rische L\u00f6sungen einer Seite zu        zeigen. Der erste Schritt ist die Blockade des Gaza-Streifens zu        beenden.<\/span><\/span><\/p>\n<p><span style=\"font-family: Verdana; font-size: xx-small;\"><span style=\"font-size: 9pt; font-family: Verdana;\">Quelle: <a title=\"pax christi - Pax Christi\" href=\"http:\/\/www.paxchristi.de\/\"><strong><strong><span style=\"font-family: Verdana; color: #36489d;\"><span style=\"color: #36489d; font-family: Verdana;\">pax        christi Deutschland <\/span><\/span><\/strong><\/strong><\/a>. Kontakt: Pax Christi        Nahostkommission c\/o Wiltrud R\u00f6sch-Metzler, Tel. 0711\/ 2626720 <a href=\"mailto:paxchristi@roesch-metzler.de\">paxchristi@roesch-metzler.de<\/a>.<\/span><\/span><\/p>\n","protected":false},"excerpt":{"rendered":"<p>Sofortige Einstellung der israelischen Milit\u00e4rangriffe gegen Gaza! Pax Christi Nahostkommission widerspricht Bundesau\u00dfenminister Steinmeier und fordert sofortige Einstellung der israelischen Milit\u00e4rangriffe gegen Gaza.<\/p>\n","protected":false},"author":1,"featured_media":0,"comment_status":"open","ping_status":"open","sticky":false,"template":"","format":"standard","meta":{"footnotes":""},"categories":[5],"tags":[],"class_list":["post-483","post","type-post","status-publish","format-standard","hentry","category-arabischer-raum"],"_links":{"self":[{"href":"https:\/\/www.friedensplattform.at\/index.php?rest_route=\/wp\/v2\/posts\/483","targetHints":{"allow":["GET"]}}],"collection":[{"href":"https:\/\/www.friedensplattform.at\/index.php?rest_route=\/wp\/v2\/posts"}],"about":[{"href":"https:\/\/www.friedensplattform.at\/index.php?rest_route=\/wp\/v2\/types\/post"}],"author":[{"embeddable":true,"href":"https:\/\/www.friedensplattform.at\/index.php?rest_route=\/wp\/v2\/users\/1"}],"replies":[{"embeddable":true,"href":"https:\/\/www.friedensplattform.at\/index.php?rest_route=%2Fwp%2Fv2%2Fcomments&post=483"}],"version-history":[{"count":0,"href":"https:\/\/www.friedensplattform.at\/index.php?rest_route=\/wp\/v2\/posts\/483\/revisions"}],"wp:attachment":[{"href":"https:\/\/www.friedensplattform.at\/index.php?rest_route=%2Fwp%2Fv2%2Fmedia&parent=483"}],"wp:term":[{"taxonomy":"category","embeddable":true,"href":"https:\/\/www.friedensplattform.at\/index.php?rest_route=%2Fwp%2Fv2%2Fcategories&post=483"},{"taxonomy":"post_tag","embeddable":true,"href":"https:\/\/www.friedensplattform.at\/index.php?rest_route=%2Fwp%2Fv2%2Ftags&post=483"}],"curies":[{"name":"wp","href":"https:\/\/api.w.org\/{rel}","templated":true}]}}