{"id":4845,"date":"2018-11-07T06:00:01","date_gmt":"2018-11-07T06:00:01","guid":{"rendered":"http:\/\/www.friedensplattform.at\/?p=4845"},"modified":"2018-11-07T06:00:01","modified_gmt":"2018-11-07T06:00:01","slug":"blutige-geschaefte","status":"publish","type":"post","link":"https:\/\/www.friedensplattform.at\/?p=4845","title":{"rendered":"Blutige Gesch\u00e4fte"},"content":{"rendered":"<div class=\"em_cnt_center\">\n<h3 class=\"em_cnt_middle\"><span class=\"em_cnt_artikelansicht_uz\">von Marina Delcheva<\/span><\/h3>\n<p>Wiener Zeitung vom 6.11.18<\/p>\n<p>Wien. Ein blutiger B\u00fcrgerkrieg im Jemen, der laut UNO eine Hungersnot und humanit\u00e4re Katastrophe &#8222;bisher unbekannten Ausma\u00dfes&#8220; mit sich bringt. Laufende Verletzungen der Menschenrechte.<\/p>\n<\/div>\n<p><!--more--><\/p>\n<p id=\"absatz1\" class=\"em_text\">\u00a0Und j\u00fcngst die Ermordung des regimekritischen Journalisten Jamal Khashoggi, die dem Drehbuch eines Agenten-Thrillers entsprungen sein k\u00f6nnte. Saudi-Arabien steht schon lange in der internationalen Kritik. Nun debattieren die EU-Staaten \u00fcber ein Waffenembargo f\u00fcr den reichen Golfstaat. Spanien und Frankreich sind dagegen, \u00d6sterreich daf\u00fcr.<\/p>\n<p class=\"em_text\">\u00d6sterreichs Au\u00dfenministerin Karin Kneissl sprach sich vergangenen Woche gegen\u00fcber der deutschen &#8222;Welt&#8220; f\u00fcr ein EU-weites Waffenembargo f\u00fcr Saudi-Arabien aus: &#8222;Vor allem der schreckliche Krieg im Jemen und die Katar-Krise sollten uns Anlass sein, als Europ\u00e4ische Union gegen\u00fcber Saudi-Arabien endlich gemeinsam zu handeln. Wenn wir als gesamte EU Waffenlieferungen nach Saudi-Arabien stoppen, kann das ein Beitrag zur Beendigung dieser Konflikte sein.&#8220;<\/p>\n<div class=\"em_ad_container\">\n<div><\/div>\n<div class=\"em_horizontal_spacer\"><\/div>\n<\/div>\n<p class=\"em_text\">Dabei haben heimische Waffenhersteller bisher sehr gute Gesch\u00e4fte mit dem Golfstaat gemacht. Allein 2016 stellte \u00d6sterreich neun Exportlizenzen f\u00fcr die Ausfuhr von Waffen, Teile und Zubeh\u00f6r f\u00fcr Kaliber unter 12,7 Millimeter beziehungsweise 20 Millimeter bei Glattrohrwaffen, Fahrzeuge und Bestandteile, sowie Fahrzeuge und Schutzausr\u00fcstungen aus, im Wert von zehn Millionen Euro. Das geht aus den Daten hervor, die \u00d6sterreich im Rahmen des j\u00e4hrlichen Waffenexportberichts an die EU melden muss.<\/p>\n<p class=\"em_text\"><span class=\"zt\">Keine Milit\u00e4rexporte mehr<\/span><br \/>\nZwischen 2006 und 2016 haben \u00f6sterreichische Waffenproduzenten 22.105 Granaten, 379 Granatwerfer und 10.636 Maschinenpistolen geliefert. Das besagt eine parlamentarische Anfrage der Gr\u00fcnen an die damalige Innenministerin Johanna Mikl-Leitner. Seit 2015 werden aber keine neuen Lizenzen f\u00fcr Lieferungen von Kriegsmaterialien nach Saudi-Arabien genehmigt, sagt Regierungssprecher Andreas Steindl.<\/p>\n<p class=\"em_text\">Waffenexporte sind in \u00d6sterreich genehmigungspflichtig, genauer durch das Innen- oder Wirtschaftsministerium in enger Abstimmung mit dem Verteidigungs- und Au\u00dfenministerium. Das Kriegsmaterialgesetz verbietet zudem die Ausfuhr von milit\u00e4rischen Waffen an kriegsf\u00fchrende Staaten und solche, in denen Menschenrechte systematisch verletzt werden. Seit 2015 wird auch Saudi-Arabien wegen des Krieges im Jemen als kriegsf\u00fchrender Staat klassifiziert. &#8222;Wir liefern seit 2015 keine milit\u00e4rischen Waffen nach Saudi-Arabien&#8220;, beteuert Steindl.<\/p>\n<p class=\"em_text\">F\u00fcr 2016 meldete \u00d6sterreich Kleinkaliberexporte nach Saudi-Arabien im Wert von \u00fcber vier Millionen Euro. &#8222;Beim \u00fcberwiegenden Teil der Exporte handelt es sich um Jagdwaffen und Zubeh\u00f6r&#8220;, sagt Wolfgang Schneider vom Wirtschaftsministerium auf Nachfrage. Und: In den vergangenen eineinhalb Jahren seien die Exporte in die Golfstaaten sp\u00fcrbar zur\u00fcckgegangen. Offizielle Zahlen zu 2017 gibt es noch nicht. &#8222;Die Unternehmen geraten selbst mehr unter Druck in der \u00d6ffentlichkeit&#8220;, meint Schneider.<\/p>\n<p class=\"em_text\">Heimische Unternehmen haben seit 2004 Waffen, Munition, Fahrzeuge und \u00c4hnliches in \u00fcber 160 L\u00e4nder exportiert. Das Problem ist, dass \u00f6sterreichische Erzeugnisse trotz strenger Ausfuhrbestimmungen in der Vergangenheit immer wieder \u00fcber Hinterh\u00f6fe in Kriegsgebieten landeten. 2015 schrieb das &#8222;profil&#8220;, dass Steyr-Gewehre im Syrien-Krieg aufgetaucht sind, die aus einem saudischen Waffenlager stammen sollen. 2010 sollen Glock-Pistolen in die H\u00e4nde der Terrormiliz Islamischer Staat gefallen sein, berichteten Menschenrechtsorganisationen. Anfragen zu Waffenlieferungen beim heimischen Produzenten Glock blieben bis Redaktionsschluss unbeantwortet.<\/p>\n","protected":false},"excerpt":{"rendered":"<p>von Marina Delcheva Wiener Zeitung vom 6.11.18 Wien. Ein blutiger B\u00fcrgerkrieg im Jemen, der laut UNO eine Hungersnot und humanit\u00e4re Katastrophe &#8222;bisher unbekannten Ausma\u00dfes&#8220; mit sich bringt. Laufende Verletzungen der Menschenrechte.<\/p>\n","protected":false},"author":2,"featured_media":0,"comment_status":"open","ping_status":"open","sticky":false,"template":"","format":"standard","meta":{"footnotes":""},"categories":[1],"tags":[],"class_list":["post-4845","post","type-post","status-publish","format-standard","hentry","category-allgemein"],"_links":{"self":[{"href":"https:\/\/www.friedensplattform.at\/index.php?rest_route=\/wp\/v2\/posts\/4845","targetHints":{"allow":["GET"]}}],"collection":[{"href":"https:\/\/www.friedensplattform.at\/index.php?rest_route=\/wp\/v2\/posts"}],"about":[{"href":"https:\/\/www.friedensplattform.at\/index.php?rest_route=\/wp\/v2\/types\/post"}],"author":[{"embeddable":true,"href":"https:\/\/www.friedensplattform.at\/index.php?rest_route=\/wp\/v2\/users\/2"}],"replies":[{"embeddable":true,"href":"https:\/\/www.friedensplattform.at\/index.php?rest_route=%2Fwp%2Fv2%2Fcomments&post=4845"}],"version-history":[{"count":1,"href":"https:\/\/www.friedensplattform.at\/index.php?rest_route=\/wp\/v2\/posts\/4845\/revisions"}],"predecessor-version":[{"id":4846,"href":"https:\/\/www.friedensplattform.at\/index.php?rest_route=\/wp\/v2\/posts\/4845\/revisions\/4846"}],"wp:attachment":[{"href":"https:\/\/www.friedensplattform.at\/index.php?rest_route=%2Fwp%2Fv2%2Fmedia&parent=4845"}],"wp:term":[{"taxonomy":"category","embeddable":true,"href":"https:\/\/www.friedensplattform.at\/index.php?rest_route=%2Fwp%2Fv2%2Fcategories&post=4845"},{"taxonomy":"post_tag","embeddable":true,"href":"https:\/\/www.friedensplattform.at\/index.php?rest_route=%2Fwp%2Fv2%2Ftags&post=4845"}],"curies":[{"name":"wp","href":"https:\/\/api.w.org\/{rel}","templated":true}]}}