{"id":485,"date":"2008-12-30T10:03:20","date_gmt":"2008-12-30T08:03:20","guid":{"rendered":"http:\/\/www.luxorbis.org\/friedensplattform.at\/?p=485"},"modified":"2008-12-30T10:03:20","modified_gmt":"2008-12-30T08:03:20","slug":"demonstration-gegen-die-israelische-aggression-in-gaza","status":"publish","type":"post","link":"https:\/\/www.friedensplattform.at\/?p=485","title":{"rendered":"DEMONSTRATION gegen die ISRAELISCHE AGGRESSION in GAZA"},"content":{"rendered":"<p>GRAZ, NEHMT TEIL AN DER<\/p>\n<h3><strong>DEMONSTRATION <\/strong><\/h3>\n<p>Gegen die ISRAELISCHE AGGRESSION in GAZA !<\/p>\n<p><!--more--><\/p>\n<p><strong>Sa. 3. Januar 2009<\/strong><\/p>\n<p><strong>Sammeln am <\/strong><strong>Eisernen Tor             12Uhr45<\/strong><\/p>\n<p>Kundgebung von                             13Uhr bis 13Uhr30<\/p>\n<p>Demo durch die Herrengasse bis    14Uhr<\/p>\n<p>Kundgebung am Hauptplatz von    14Uhr bis 15Uhr<\/p>\n<p>Steirische Friedensplattform;  <a title=\"StFP\" href=\"http:\/\/www.friedensplattform.at\" target=\"_blank\">www.friedensplattform.at<\/a><br \/>\nSolidarit\u00e4tskomitee f\u00fcr Pal\u00e4stina;  <a title=\"Solidarit\u00e4tskomitee\" href=\"http:\/\/www.soli-graz.org\" target=\"_blank\">www.soli-graz.org<\/a><\/p>\n<h4><a href=\"http:\/\/www.luxorbis.org\/friedensplattform.at\/wp-content\/uploads\/2008\/12\/gaza_030109.pdf\">Demo_Gaza_030109<\/a><\/h4>\n<h4><a href=\"http:\/\/www.luxorbis.org\/friedensplattform.at\/wp-content\/uploads\/2008\/12\/flugi_gaza_090301.pdf\">Flugblatt<\/a><\/h4>\n","protected":false},"excerpt":{"rendered":"<p>GRAZ, NEHMT TEIL AN DER DEMONSTRATION Gegen die ISRAELISCHE AGGRESSION in GAZA !<\/p>\n","protected":false},"author":1,"featured_media":0,"comment_status":"open","ping_status":"open","sticky":false,"template":"","format":"standard","meta":{"footnotes":""},"categories":[5],"tags":[],"class_list":["post-485","post","type-post","status-publish","format-standard","hentry","category-arabischer-raum"],"_links":{"self":[{"href":"https:\/\/www.friedensplattform.at\/index.php?rest_route=\/wp\/v2\/posts\/485","targetHints":{"allow":["GET"]}}],"collection":[{"href":"https:\/\/www.friedensplattform.at\/index.php?rest_route=\/wp\/v2\/posts"}],"about":[{"href":"https:\/\/www.friedensplattform.at\/index.php?rest_route=\/wp\/v2\/types\/post"}],"author":[{"embeddable":true,"href":"https:\/\/www.friedensplattform.at\/index.php?rest_route=\/wp\/v2\/users\/1"}],"replies":[{"embeddable":true,"href":"https:\/\/www.friedensplattform.at\/index.php?rest_route=%2Fwp%2Fv2%2Fcomments&post=485"}],"version-history":[{"count":0,"href":"https:\/\/www.friedensplattform.at\/index.php?rest_route=\/wp\/v2\/posts\/485\/revisions"}],"wp:attachment":[{"href":"https:\/\/www.friedensplattform.at\/index.php?rest_route=%2Fwp%2Fv2%2Fmedia&parent=485"}],"wp:term":[{"taxonomy":"category","embeddable":true,"href":"https:\/\/www.friedensplattform.at\/index.php?rest_route=%2Fwp%2Fv2%2Fcategories&post=485"},{"taxonomy":"post_tag","embeddable":true,"href":"https:\/\/www.friedensplattform.at\/index.php?rest_route=%2Fwp%2Fv2%2Ftags&post=485"}],"curies":[{"name":"wp","href":"https:\/\/api.w.org\/{rel}","templated":true}]}}