{"id":4862,"date":"2018-11-14T13:00:16","date_gmt":"2018-11-14T13:00:16","guid":{"rendered":"http:\/\/www.friedensplattform.at\/?p=4862"},"modified":"2018-11-14T13:00:16","modified_gmt":"2018-11-14T13:00:16","slug":"schreiben-an-den-orf-betreffend-der-gaza-berichterstattung-im-oe1-journal","status":"publish","type":"post","link":"https:\/\/www.friedensplattform.at\/?p=4862","title":{"rendered":"Schreiben an den ORF betreffend der Gaza-Berichterstattung im OE1 Journal"},"content":{"rendered":"<p>Sehr geehrte Damen und Herren,<\/p>\n<p>gestern im Morgenjournal berichteten Sie \u00fcber Pal\u00e4stina-Israel und begannen damit, dass eine Unzahl von Raketen aus Gaza Richtung Israel abgefeuert wurden. Als Veranschaulichung dessen, was Schreckliches passiert, sandten Sie Tonaufnahmen aus Ashkelon. Sie sprachen \u00fcber die Hamas (2006 mehrheitlich demokratisch gew\u00e4hlt) und verga\u00dfen nicht, das Attribut \u00b4radikal\u00b4 beizuf\u00fcgen.<\/p>\n<p>Was Sie hingegen v\u00f6llig \u201everga\u00dfen\u201c, war die Information, dass vor dem Raketenabschuss aus Gaza israelische Elitesoldaten v\u00f6lkerrechtswidrig in Gaza eingedrungen waren, sechs Menschen ermordeten, sich unter schwerstem israelischem Feuerschutz aus der Luft zur\u00fcckzogen und dann das Fahrzeug aus der Luft zerst\u00f6rten, damit keine Spuren zur\u00fcckblieben.<\/p>\n<p><!--more--><\/p>\n<p>Im Mittagsjournal interviewten Sie Ben Segenreich aus Tel Aviv. Auch hier vermissten wir, wie oben geschildert, eine objektive Information und den unerl\u00e4sslichen Hinweis auf die Hintergr\u00fcnde, wie zum Beispiel v\u00f6lkerrechtswidrige Besatzung bzw. Belagerung und dass Israel Gaza zum gr\u00f6\u00dften Freiluftgef\u00e4ngnis der Welt macht. Informativer und n\u00e4her am Versuch einer \u00c4quidistanz w\u00e4re gewesen, wenn Sie auch Stimmen aus Gaza gebracht h\u00e4tten. Wenn Ihnen das nicht mehr m\u00f6glich ist, nachdem ja der Al-Aqsa-TV-Sender Montag Nacht durch Bomben aus Israel zerst\u00f6rt wurde und Sie daher eventuell aus Gaza keine Informationen mehr bekommen, m\u00f6chten wir Ihnen empfehlen, die Pressemitteilung des pal\u00e4stinensischen Botschafters Herrn Salah Abdel Shafi (falls Sie diese Presseaussendung nicht bekommen haben, legen wir sie Ihnen bei) zumindest zu zitieren!<\/p>\n<p>&nbsp;<\/p>\n<p>Mit besten Gr\u00fc\u00dfen<\/p>\n<p>Pal\u00e4stina Solidarit\u00e4t Steiermark<\/p>\n<p>Frauen in Schwarz (Wien)<\/p>\n<p>G\u00d6AB \u2013 Gesellschaft fuer \u00d6sterreichisch-Arabische Beziehungen<\/p>\n<p>AIK \u2013 Antiiperialistische Koordination<\/p>\n<p>Friedensplattform Steiermark<\/p>\n<p><a href=\"http:\/\/www.friedensplattform.at\/wp-content\/uploads\/2018\/11\/Pressemitteilung-Botschafter-S.-Abdel-Shafi_Vertretung-des-Staates-Pal\u00e4stina-1.pdf\">Pressemitteilung Botschafter S. Abdel Shafi_Vertretung des Staates Pal\u00e4stina<\/a><\/p>\n","protected":false},"excerpt":{"rendered":"<p>Sehr geehrte Damen und Herren, gestern im Morgenjournal berichteten Sie \u00fcber Pal\u00e4stina-Israel und begannen damit, dass eine Unzahl von Raketen aus Gaza Richtung Israel abgefeuert wurden. Als Veranschaulichung dessen, was Schreckliches passiert, sandten Sie Tonaufnahmen aus Ashkelon. Sie sprachen \u00fcber die Hamas (2006 mehrheitlich demokratisch gew\u00e4hlt) und verga\u00dfen nicht, das Attribut \u00b4radikal\u00b4 beizuf\u00fcgen. Was Sie &hellip; <a href=\"https:\/\/www.friedensplattform.at\/?p=4862\" class=\"more-link\"><span class=\"screen-reader-text\">Schreiben an den ORF betreffend der Gaza-Berichterstattung im OE1 Journal<\/span> weiterlesen <span class=\"meta-nav\">&rarr;<\/span><\/a><\/p>\n","protected":false},"author":5,"featured_media":0,"comment_status":"open","ping_status":"open","sticky":false,"template":"","format":"standard","meta":{"footnotes":""},"categories":[17,18],"tags":[28,30],"class_list":["post-4862","post","type-post","status-publish","format-standard","hentry","category-meinung","category-palaestina-solidaritaet","tag-gaza","tag-palaestina"],"_links":{"self":[{"href":"https:\/\/www.friedensplattform.at\/index.php?rest_route=\/wp\/v2\/posts\/4862","targetHints":{"allow":["GET"]}}],"collection":[{"href":"https:\/\/www.friedensplattform.at\/index.php?rest_route=\/wp\/v2\/posts"}],"about":[{"href":"https:\/\/www.friedensplattform.at\/index.php?rest_route=\/wp\/v2\/types\/post"}],"author":[{"embeddable":true,"href":"https:\/\/www.friedensplattform.at\/index.php?rest_route=\/wp\/v2\/users\/5"}],"replies":[{"embeddable":true,"href":"https:\/\/www.friedensplattform.at\/index.php?rest_route=%2Fwp%2Fv2%2Fcomments&post=4862"}],"version-history":[{"count":11,"href":"https:\/\/www.friedensplattform.at\/index.php?rest_route=\/wp\/v2\/posts\/4862\/revisions"}],"predecessor-version":[{"id":4878,"href":"https:\/\/www.friedensplattform.at\/index.php?rest_route=\/wp\/v2\/posts\/4862\/revisions\/4878"}],"wp:attachment":[{"href":"https:\/\/www.friedensplattform.at\/index.php?rest_route=%2Fwp%2Fv2%2Fmedia&parent=4862"}],"wp:term":[{"taxonomy":"category","embeddable":true,"href":"https:\/\/www.friedensplattform.at\/index.php?rest_route=%2Fwp%2Fv2%2Fcategories&post=4862"},{"taxonomy":"post_tag","embeddable":true,"href":"https:\/\/www.friedensplattform.at\/index.php?rest_route=%2Fwp%2Fv2%2Ftags&post=4862"}],"curies":[{"name":"wp","href":"https:\/\/api.w.org\/{rel}","templated":true}]}}