{"id":4883,"date":"2018-11-20T08:49:01","date_gmt":"2018-11-20T08:49:01","guid":{"rendered":"http:\/\/www.friedensplattform.at\/?p=4883"},"modified":"2018-11-20T08:54:18","modified_gmt":"2018-11-20T08:54:18","slug":"pressemitteilung-des-palaestinensischen-botschafters","status":"publish","type":"post","link":"https:\/\/www.friedensplattform.at\/?p=4883","title":{"rendered":"Pressemitteilung des pal\u00e4stinensischen Botschafters"},"content":{"rendered":"<p><strong>Zur Konferenz in Wien: Antisemitismus und Antizionismus m\u00fcssen strikt voneinander getrennt werden<\/strong><\/p>\n<p><em>\u201e<\/em><em>Schluss mit der Heuchelei. Schluss mit Gleichsetzung von Antizionismus mit Antisemitismus. Ein Antizionist ist gegen Taten des zionistischen Staates, ein Antisemit ist gegen Juden als Menschen. Wir sind Juden und wir bekennen uns dazu. Wir sind aber keine Zionisten. Zionismus ist eine rassistische, kolonialistische und militaristische Ideologie aus dem 19. Jahrhundert, die schon l\u00e4ngst auf den M\u00fcllhaufen der Geschichte geh\u00f6rt.<\/em><em>\u201c<\/em><\/p>\n<p>Abi Melzer, \u201eJ\u00fcdische Stimme f\u00fcr gerechten Frieden im Nahost e.V.\u201c<\/p>\n<p>Bundeskanzler Sebastian Kurz veranstaltet am 20. und 21. November 2018 in den Wiener B\u00f6rsens\u00e4len in Wien eine Konferenz mit dem Titel \u201eEuropa jenseits von Antisemitismus und und Antizionismus \u2013 Sicherung des j\u00fcdischen Lebens in Europa\u201c.<\/p>\n<p><!--more--><\/p>\n<p><a href=\"http:\/\/www.friedensplattform.at\/wp-content\/uploads\/2018\/11\/Presseaussendung-zur-Konferenz-in-Wien_Botschafter-Salah-Abdel-Shafi-1.pdf\">Presseaussendung zur Konferenz in Wien_Botschafter Salah Abdel Shafi<\/a><\/p>\n","protected":false},"excerpt":{"rendered":"<p>Zur Konferenz in Wien: Antisemitismus und Antizionismus m\u00fcssen strikt voneinander getrennt werden \u201eSchluss mit der Heuchelei. Schluss mit Gleichsetzung von Antizionismus mit Antisemitismus. Ein Antizionist ist gegen Taten des zionistischen Staates, ein Antisemit ist gegen Juden als Menschen. Wir sind Juden und wir bekennen uns dazu. Wir sind aber keine Zionisten. Zionismus ist eine rassistische, &hellip; <a href=\"https:\/\/www.friedensplattform.at\/?p=4883\" class=\"more-link\"><span class=\"screen-reader-text\">Pressemitteilung des pal\u00e4stinensischen Botschafters<\/span> weiterlesen <span class=\"meta-nav\">&rarr;<\/span><\/a><\/p>\n","protected":false},"author":5,"featured_media":0,"comment_status":"open","ping_status":"open","sticky":false,"template":"","format":"standard","meta":{"footnotes":""},"categories":[1,4,18],"tags":[],"class_list":["post-4883","post","type-post","status-publish","format-standard","hentry","category-allgemein","category-antirassismus","category-palaestina-solidaritaet"],"_links":{"self":[{"href":"https:\/\/www.friedensplattform.at\/index.php?rest_route=\/wp\/v2\/posts\/4883","targetHints":{"allow":["GET"]}}],"collection":[{"href":"https:\/\/www.friedensplattform.at\/index.php?rest_route=\/wp\/v2\/posts"}],"about":[{"href":"https:\/\/www.friedensplattform.at\/index.php?rest_route=\/wp\/v2\/types\/post"}],"author":[{"embeddable":true,"href":"https:\/\/www.friedensplattform.at\/index.php?rest_route=\/wp\/v2\/users\/5"}],"replies":[{"embeddable":true,"href":"https:\/\/www.friedensplattform.at\/index.php?rest_route=%2Fwp%2Fv2%2Fcomments&post=4883"}],"version-history":[{"count":13,"href":"https:\/\/www.friedensplattform.at\/index.php?rest_route=\/wp\/v2\/posts\/4883\/revisions"}],"predecessor-version":[{"id":4898,"href":"https:\/\/www.friedensplattform.at\/index.php?rest_route=\/wp\/v2\/posts\/4883\/revisions\/4898"}],"wp:attachment":[{"href":"https:\/\/www.friedensplattform.at\/index.php?rest_route=%2Fwp%2Fv2%2Fmedia&parent=4883"}],"wp:term":[{"taxonomy":"category","embeddable":true,"href":"https:\/\/www.friedensplattform.at\/index.php?rest_route=%2Fwp%2Fv2%2Fcategories&post=4883"},{"taxonomy":"post_tag","embeddable":true,"href":"https:\/\/www.friedensplattform.at\/index.php?rest_route=%2Fwp%2Fv2%2Ftags&post=4883"}],"curies":[{"name":"wp","href":"https:\/\/api.w.org\/{rel}","templated":true}]}}