{"id":4927,"date":"2018-12-13T08:34:51","date_gmt":"2018-12-13T08:34:51","guid":{"rendered":"http:\/\/www.friedensplattform.at\/?p=4927"},"modified":"2018-12-13T08:34:51","modified_gmt":"2018-12-13T08:34:51","slug":"kein-israelisches-sicherheitscamp-in-der-steiermark","status":"publish","type":"post","link":"https:\/\/www.friedensplattform.at\/?p=4927","title":{"rendered":"Kein israelisches &#8218;Sicherheitscamp&#8216; in der Steiermark!"},"content":{"rendered":"<div>Der von einem hohen Offizier des israelischen Geheimdienstes gegr\u00fcndete private Sicherheitsdienst &#8222;International Security Academy &#8211; Israel&#8220; (kurz ISA &#8211; Israel) plant in der s\u00fcdsteirischen Stadtgemeinde Mureck ein &#8222;Sicherheitscamp&#8220; zu er\u00f6ffnen. Dort sollen Zivilpersonen in einem eigenen &#8222;First Responder-Ausbildungsprogramm&#8220; in Selbstschutztechniken trainiert werden. Die Gew\u00f6hnung an den Umgang mit Kleinwaffen und Schie\u00dftrainings sind fixer Bestandteil des Programms.<\/div>\n<p><!--more--><\/p>\n<div><\/div>\n<div><strong>Wir wollen keinen Import von problematischen Mentalit\u00e4ten und &#8222;Sicherheitstechnologien&#8220;, die von von israelischen Geheimdienstleuten und Armeeangeh\u00f6rigen in der jahrzehntelangen brutalen Unterdr\u00fcckung des Freiheitswillens des pal\u00e4stinensischen Volkes entwickelt wurden!<\/strong><\/div>\n<div>\n<strong>Wir lehnen die Einrichtung des Murecker &#8218;Sicherheitscamps&#8216; strikt ab und fordern alle Verantwortlichen auf, die Einrichtung zu untersagen!<\/strong><\/div>\n<div><\/div>\n<div>Hier unsere Petition, zum Unterschreiben und Weiterleiten:<\/div>\n<div><a href=\"https:\/\/deref-gmx.net\/mail\/client\/1M0b0nKfteQ\/dereferrer\/?redirectUrl=https%3A%2F%2Fderef-gmx.net%2Fmail%2Fclient%2FvHXELF9aViA%2Fdereferrer%2F%3FredirectUrl%3Dhttps%253A%252F%252Fmein.aufstehn.at%252Fpetitions%252Fkein-israelisches-sicherheitscamp-in-der-steiermark\" target=\"_blank\" rel=\"noopener\">https:\/\/mein.aufstehn.at\/petitions\/kein-israelisches-sicherheitscamp-in-der-steiermark<\/a><\/div>\n<div><\/div>\n<ul>\n<li>Der Brief, den wir an zust\u00e4ndige\/betroffene PolitikerInnen in der Region geschickt haben:\u00a0\u00a0\u00a0\u00a0\u00a0\u00a0\u00a0\u00a0\u00a0\u00a0\u00a0\u00a0\u00a0\u00a0\u00a0\u00a0\u00a0\u00a0\u00a0\u00a0\u00a0\u00a0\u00a0\u00a0\u00a0\u00a0\u00a0\u00a0\u00a0\u00a0\u00a0 <a href=\"http:\/\/www.friedensplattform.at\/wp-content\/uploads\/2018\/12\/Brief-an-Verantwortungstr\u00e4gerInnen.pdf\">Brief an Verantwortungstr\u00e4gerInnen<\/a><\/li>\n<li>und das Flugblatt an die Bev\u00f6lkerung:<a href=\"http:\/\/www.friedensplattform.at\/wp-content\/uploads\/2018\/12\/Flugblatt-Grenzland_13_12_18.pdf\">Flugblatt Grenzland_13_12_18<\/a>!<\/li>\n<\/ul>\n<div><\/div>\n<div>Die Presseaussendung:<\/div>\n<div><\/div>\n<div><b>Friedensorganisationen lehnen Sicherheitstrainings durch Israelische Privatfirma in Mureck strikt ab. Schlie\u00dfung gefordert<\/b>.<\/div>\n<div><span style=\"font-family: Arial;\">Der von Mirca David, einem hohen Offizier des israelischen Geheimdienstes, 1987 gegr\u00fcndete private Sicherheitsdienst &#8222;International Security Academy &#8211; Israel&#8220;<\/span> (kurz ISA &#8211; Israel) plant am R\u00f6cksee in der s\u00fcdsteirischen Stadtgemeinde Mureck ein &#8222;Sicherheitscamp&#8220; zu er\u00f6ffnen.* Dort sollen Zivilpersonen in einem eigenen &#8222;First Responder-Ausbildungsprogramm&#8220; in Selbstschutztechniken trainiert werden. Die Gew\u00f6hnung an den Umgang mit Kleinwaffen und Schie\u00dftrainings sind fixer Bestandteil des Programms. Als ideologische Basis des Gesch\u00e4ftsmodells wird angegeben, dass &#8222;die Welt von Tag zu Tag gef\u00e4hrlicher wird&#8220; und daher &#8222;prim\u00e4r die Zivilbev\u00f6lkerung Europas besser auf die &#8218;modernen&#8216; Katastrophen der Jetztzeit vorbereitet werden soll&#8220;. Ganz offensichtlich geht es darum, in der Bev\u00f6lkerung vorhandene diffuse \u00c4ngste aufzugreifen, zu verst\u00e4rken und profitabel zu bewirtschaften. Mureck wurde wohl auch nicht zuf\u00e4llig als Standort des Ausbildungscamps gew\u00e4hlt. Anscheinend glaubt man, im steirisch-slowenischen Grenzraum besonders gute psychosoziale Voraussetzungen zur Perfektionierung privater Rambo-Mentalit\u00e4ten ansprechen und viele Kunden gewinnen zu k\u00f6nnen.Das Ausbildungsprogramm wird aber nicht zur Hebung des Sicherheitsgef\u00fchls in unserer Bev\u00f6lkerung beitragen, sondern das genaue Gegenteil bewirken. Ein Streben nach gewaltt\u00e4tiger Wehrhaftigkeit verst\u00e4rkt unterbewu\u00dft ein Gef\u00fchl der Existenz gro\u00dfer und allgegenw\u00e4rtiger Gefahren: &#8222;Weil ich mir ja keine Pistole zulegen m\u00fcsste, wenn ich nicht stark bedroht w\u00e4re!&#8220;.<\/p>\n<p>Auch wird eine derartige F\u00f6rderung von individuellen \u00c4ngsten problematische gesellschaftliche Folgen nach sich ziehen: Angstphantasien verengen das Bewusstsein auf das vermeintlich Bedrohliche. Gewaltfreie L\u00f6sungen f\u00fcr tats\u00e4chlich bestehende Probleme werden verdr\u00e4ngt. Aus sozialpsychologischen Studien wissen wir, dass sich hinter Gewaltbereitschaft und hinter einem demonstrativ zur Schau getragenen Machismus ein hohes Ma\u00df an \u00c4ngsten verbirgt. \u00c4ngstliche Menschen sind politisch leicht beherrschbar und anf\u00e4llig f\u00fcr autorit\u00e4re Gesellschaftssysteme.<\/p>\n<p>F\u00fcr alle in \u00d6sterreich lebenden Menschen Sicherheit zu gew\u00e4hrleisten, ist eine unerl\u00e4\u00dfliche Kernaufgabe des Staates. In \u00d6sterreich unterliegen die daf\u00fcr bereitgestellten Institutionen der parlamentarischen Kontrolle. Unter dem Diktat neoliberaler Ideologie hat sich die \u00d6ffentliche Hand in den letzten Jahrzehnten aus manchen sicherheitsrelevanten Handlungsfeldern zur\u00fcckgezogen. Diese Verantwortung noch st\u00e4rker an profitorientierte Privatfirmen abzugeben, untergr\u00e4bt das Vertrauen in die staatlichen Institutionen. Was jetzt noch als St\u00e4rkung der individuellen Wehrhaftigkeit erscheint, kann in naher Zukunft die Basis sein f\u00fcr die Bildung privater, ideologisch ausgerichteter B\u00fcrgerwehren.<\/p>\n<p>Wir wollen keinen Import von problematischen Mentalit\u00e4ten und &#8222;Sicherheitstechnologien&#8220;, die von von israelischen Geheimdienstleuten und Armeeangeh\u00f6rigen in der jahrzehntelangen brutalen Unterdr\u00fcckung des Freiheitswillens des pal\u00e4stinensischen Volkes entwickelt wurden.<\/p>\n<p>Aus friedenspolitischen Gr\u00fcnden lehnen wir das Sicherheitscamp in der S\u00fcdsteiermark strikt ab.<\/p>\n<p>Es ist undenkbar, dass der eng mit israelischen Armee und den dortigen Geheimdiensten kooperierende private Sicherheitsdienst seine Aktivit\u00e4ten ohne Absprache mit dem unserem Innenministerium planen konnte.<\/p>\n<p>Wir fordern Innenminister Herbert Kickl auf das Camp unverz\u00fcglich zu schlie\u00dfen!<\/p>\n<\/div>\n<div><\/div>\n<div><\/div>\n<div><strong>Die steirische Friedensplattform<\/strong><\/div>\n<div><strong>Frauen in Schwarz\/Wien<\/strong><\/div>\n<div><strong>Antiimperialistische Koordination\/Wien<\/strong><\/div>\n<div><strong>Pal\u00e4stina Solidarit\u00e4t Steiermark<\/strong><\/div>\n<div><\/div>\n<div>*<a href=\"https:\/\/www.ots.at\/presseaussendung\/OTS_20181130_OTS0011\/isa-israelische-sicherheitsakademie-mit-campus-in-der-steiermark\">https:\/\/www.ots.at\/presseaussendung\/OTS_20181130_OTS0011\/isa-israelische-sicherheitsakademie-mit-campus-in-der-steiermark<\/a><\/div>\n","protected":false},"excerpt":{"rendered":"<p>Der von einem hohen Offizier des israelischen Geheimdienstes gegr\u00fcndete private Sicherheitsdienst &#8222;International Security Academy &#8211; Israel&#8220; (kurz ISA &#8211; Israel) plant in der s\u00fcdsteirischen Stadtgemeinde Mureck ein &#8222;Sicherheitscamp&#8220; zu er\u00f6ffnen. Dort sollen Zivilpersonen in einem eigenen &#8222;First Responder-Ausbildungsprogramm&#8220; in Selbstschutztechniken trainiert werden. Die Gew\u00f6hnung an den Umgang mit Kleinwaffen und Schie\u00dftrainings sind fixer Bestandteil des &hellip; <a href=\"https:\/\/www.friedensplattform.at\/?p=4927\" class=\"more-link\"><span class=\"screen-reader-text\">Kein israelisches &#8218;Sicherheitscamp&#8216; in der Steiermark!<\/span> weiterlesen <span class=\"meta-nav\">&rarr;<\/span><\/a><\/p>\n","protected":false},"author":3,"featured_media":0,"comment_status":"open","ping_status":"open","sticky":false,"template":"","format":"standard","meta":{"footnotes":""},"categories":[1,3,18],"tags":[],"class_list":["post-4927","post","type-post","status-publish","format-standard","hentry","category-allgemein","category-antimilitarismus","category-palaestina-solidaritaet"],"_links":{"self":[{"href":"https:\/\/www.friedensplattform.at\/index.php?rest_route=\/wp\/v2\/posts\/4927","targetHints":{"allow":["GET"]}}],"collection":[{"href":"https:\/\/www.friedensplattform.at\/index.php?rest_route=\/wp\/v2\/posts"}],"about":[{"href":"https:\/\/www.friedensplattform.at\/index.php?rest_route=\/wp\/v2\/types\/post"}],"author":[{"embeddable":true,"href":"https:\/\/www.friedensplattform.at\/index.php?rest_route=\/wp\/v2\/users\/3"}],"replies":[{"embeddable":true,"href":"https:\/\/www.friedensplattform.at\/index.php?rest_route=%2Fwp%2Fv2%2Fcomments&post=4927"}],"version-history":[{"count":1,"href":"https:\/\/www.friedensplattform.at\/index.php?rest_route=\/wp\/v2\/posts\/4927\/revisions"}],"predecessor-version":[{"id":4930,"href":"https:\/\/www.friedensplattform.at\/index.php?rest_route=\/wp\/v2\/posts\/4927\/revisions\/4930"}],"wp:attachment":[{"href":"https:\/\/www.friedensplattform.at\/index.php?rest_route=%2Fwp%2Fv2%2Fmedia&parent=4927"}],"wp:term":[{"taxonomy":"category","embeddable":true,"href":"https:\/\/www.friedensplattform.at\/index.php?rest_route=%2Fwp%2Fv2%2Fcategories&post=4927"},{"taxonomy":"post_tag","embeddable":true,"href":"https:\/\/www.friedensplattform.at\/index.php?rest_route=%2Fwp%2Fv2%2Ftags&post=4927"}],"curies":[{"name":"wp","href":"https:\/\/api.w.org\/{rel}","templated":true}]}}