{"id":4936,"date":"2018-12-18T20:55:59","date_gmt":"2018-12-18T20:55:59","guid":{"rendered":"http:\/\/www.friedensplattform.at\/?p=4936"},"modified":"2018-12-18T20:55:59","modified_gmt":"2018-12-18T20:55:59","slug":"aufstehn-at-sperrt-unsere-petition","status":"publish","type":"post","link":"https:\/\/www.friedensplattform.at\/?p=4936","title":{"rendered":"Aufstehn.at sperrt unsere Petition!"},"content":{"rendered":"<p>Der Tr\u00e4gerverein der Petitionsplattform Aufstehn.at hat unsere Petition &#8222;Kein israelisches &#8218;Sicherheitscamp&#8216; in der Steiermark&#8220; gesperrt, da sie Antisemitismus provoziere und befeuere. Es seien einige(!) Mails dazu bei ihnen eingelangt.<br \/>\nSTATT AUFSTEHN, NIEDERBEUGEN f\u00e4llt einer dazu ein!<!--more--><\/p>\n<p>Traurig, dass Aufstehn.at, das vorgibt einer offenen Zivilgesellschaft verpflichtet zu sein, gleich in die Knie geht. Wenn es um eine offene Diskussion \u00fcber<span class=\"text_exposed_show\"> die Politik Israels geht, ist es mit dem Menschenrecht auf Meinungsfreiheit auch in \u00d6sterreich nicht weit her.<br \/>\nDer politisch-propagandistische Dreh besteht darin, da\u00df nahezu jegliche Kritik an der jahrzehntelangen und aktuellen Unterdr\u00fcckung des Freiheitswillens des Pal\u00e4stinensischen Volkes durch Israel als antisemitisch denunziert wird. Im Einzelfall ist es nat\u00fcrlich schwer zu sagen, ob da ein Mangel an Zivilcourage oder eine intellektuelle Unf\u00e4higkeit dahinter steht einige Begriffe gedanklich sauber auseinanderzuhalten: &#8222;Antisemitismus&#8220; ( die &#8222;Ablehnung von Juden als Juden&#8220; und tats\u00e4chlich eine verachtenswerte und zu bek\u00e4mpfende Gesinnung), &#8222;Antizionismus&#8220; ( Ablehnung eines j\u00fcdischen Nationalismus und Ethnizismus der in der derzeitigen Politik Israels unter Netanyahu zunehmend chauvinistisch-faschistoide Z\u00fcge annimmt und was &#8211; wie jeder andere ausgepr\u00e4gter Nationalismus &#8211; ein gef\u00e4hrliche politische Ideologie ist) und &#8222;Israelkritik&#8220; ( Kritik an der israelischen Staatspolitik und als solche hinsichtlich des Umgangs mit den Pal\u00e4stineserInnen jedenfalls notwendig).<\/span><\/p>\n<div class=\"text_exposed_show\">\n<p>An die fast 200 Unterschreibenden: Meldet euch bei mein@aufstehn.at<br \/>\nWir lassen uns nicht als AntisemitInnen hinstellen!<\/p>\n<p>Wir werden uns weder in unserer Ablehnung des Selbstverteidigungscamps in Mureck noch in unserer Pal\u00e4stina Solidarit\u00e4tsarbeit entmutigen lassen. Wie sagt doch das Sprichwort: &#8222;Man kann eine Mehrheit eine zeitlang f\u00fcr dumm verkaufen, man kann eine Minderheit dauerhaft f\u00fcr dumm verkaufen, aber man kann die Mehrheit der Menschen nicht dauerhaft f\u00fcr dumm verkaufen!&#8220;.<\/p>\n<p>Die Steirische Friedensplattform<\/p>\n<\/div>\n","protected":false},"excerpt":{"rendered":"<p>Der Tr\u00e4gerverein der Petitionsplattform Aufstehn.at hat unsere Petition &#8222;Kein israelisches &#8218;Sicherheitscamp&#8216; in der Steiermark&#8220; gesperrt, da sie Antisemitismus provoziere und befeuere. Es seien einige(!) Mails dazu bei ihnen eingelangt. STATT AUFSTEHN, NIEDERBEUGEN f\u00e4llt einer dazu ein!<\/p>\n","protected":false},"author":3,"featured_media":0,"comment_status":"open","ping_status":"open","sticky":false,"template":"","format":"standard","meta":{"footnotes":""},"categories":[1],"tags":[],"class_list":["post-4936","post","type-post","status-publish","format-standard","hentry","category-allgemein"],"_links":{"self":[{"href":"https:\/\/www.friedensplattform.at\/index.php?rest_route=\/wp\/v2\/posts\/4936","targetHints":{"allow":["GET"]}}],"collection":[{"href":"https:\/\/www.friedensplattform.at\/index.php?rest_route=\/wp\/v2\/posts"}],"about":[{"href":"https:\/\/www.friedensplattform.at\/index.php?rest_route=\/wp\/v2\/types\/post"}],"author":[{"embeddable":true,"href":"https:\/\/www.friedensplattform.at\/index.php?rest_route=\/wp\/v2\/users\/3"}],"replies":[{"embeddable":true,"href":"https:\/\/www.friedensplattform.at\/index.php?rest_route=%2Fwp%2Fv2%2Fcomments&post=4936"}],"version-history":[{"count":1,"href":"https:\/\/www.friedensplattform.at\/index.php?rest_route=\/wp\/v2\/posts\/4936\/revisions"}],"predecessor-version":[{"id":4937,"href":"https:\/\/www.friedensplattform.at\/index.php?rest_route=\/wp\/v2\/posts\/4936\/revisions\/4937"}],"wp:attachment":[{"href":"https:\/\/www.friedensplattform.at\/index.php?rest_route=%2Fwp%2Fv2%2Fmedia&parent=4936"}],"wp:term":[{"taxonomy":"category","embeddable":true,"href":"https:\/\/www.friedensplattform.at\/index.php?rest_route=%2Fwp%2Fv2%2Fcategories&post=4936"},{"taxonomy":"post_tag","embeddable":true,"href":"https:\/\/www.friedensplattform.at\/index.php?rest_route=%2Fwp%2Fv2%2Ftags&post=4936"}],"curies":[{"name":"wp","href":"https:\/\/api.w.org\/{rel}","templated":true}]}}