{"id":4945,"date":"2018-12-22T20:48:05","date_gmt":"2018-12-22T20:48:05","guid":{"rendered":"http:\/\/www.friedensplattform.at\/?p=4945"},"modified":"2018-12-22T20:48:05","modified_gmt":"2018-12-22T20:48:05","slug":"trump-zieht-mattis-ab","status":"publish","type":"post","link":"https:\/\/www.friedensplattform.at\/?p=4945","title":{"rendered":"Trump zieht Mattis ab"},"content":{"rendered":"<h2>US-Pr\u00e4sident will auch Truppen aus Afghanistan zur\u00fcckholen. Sein Verteidigungsminister reicht daraufhin R\u00fccktritt ein<\/h2>\n<address>Von Knut Mellenthin<\/address>\n<p><img loading=\"lazy\" decoding=\"async\" id=\"img116656\" class=\"\" src=\"https:\/\/www.jungewelt.de\/img\/700\/116656.jpg\" alt=\"RTX6JDLP.jpg\" width=\"413\" height=\"251\" \/><\/p>\n<p><!--more--><\/p>\n<address>\u00a0<\/address>\n<div class=\"Content\">\n<div class=\"ImageBox Large\">\n<table summary=\"Designtabelle\" width=\"700\">\n<tbody>\n<tr>\n<td>\n<div class=\"Title\">\u00dcberfall auf Afghanistan: James Mattis \u2013 damals als Brigadegeneral \u2013 am Flughafen von Kandahar (14.12.2001)<\/div>\n<div class=\"Copyright\">Foto: Dave Martin\/REUTERS\/POOL\/File Photo<\/div>\n<\/td>\n<\/tr>\n<\/tbody>\n<\/table>\n<\/div>\n<p>Donald Trump spielt in diesen Tagen gro\u00dfes Theater: Nachdem er am Mittwoch die Absicht verk\u00fcndet hatte, die US-Truppen aus Syrien abzuziehen, lie\u00df er am Donnerstag Ger\u00fcchte streuen, dass die Zahl der US-Soldaten in Afghanistan halbiert werden solle. Am selben Tag erg\u00e4nzte der R\u00fccktritt von Verteidigungsminister James Mattis die Dramaturgie. Der 68j\u00e4hrige General im Ruhestand der Marineinfanterie ist neben Vizepr\u00e4sident Michael Pence vermutlich der einzige bedeutende Politiker, der seit dem Amtsantritt von Trump im Januar 2017 zu dessen Team geh\u00f6rte \u2013 wenn man von den Verwandten des Pr\u00e4sidenten absieht. Mattis steht f\u00fcr eine starke milit\u00e4rische Pr\u00e4senz an geostrategischen Brennpunkten und f\u00fcr die Behandlung Russlands und Chinas als Hauptfeinden der USA.<\/p>\n<p>Zwischen den in dieser Woche angek\u00fcndigten Ma\u00dfnahmen gibt es gewichtige Unterschiede. Der Abzug der ungef\u00e4hr 2.000 US-Soldaten aus Syrien ist offenbar definitiv und soll demn\u00e4chst beginnen. Damit ist freilich noch nichts dar\u00fcber gesagt, wann der Vorgang abgeschlossen sein soll. Dass die USA zugleich auch ihre Luftangriffe auf Ziele in Syrien einstellen wollen, denen als \u00bbKollateralschaden\u00ab bisher Hunderte oder Tausende Zivilisten zum Opfer fielen, st\u00fctzt sich bisher nur auf anonyme Milit\u00e4rquellen. Seit 2015 wurden mehr als 100.000 Bomben und Raketen der US-Luftwaffe gegen Syrien und den benachbarten Irak eingesetzt.<\/p>\n<p>F\u00fcr die angeblich beabsichtigte Verringerung der Truppenzahl in Afghanistan von 14.000 auf 7.000 Mann gibt es bisher keine offizielle Best\u00e4tigung, geschweige denn einen noch so locker formulierten Zeitplan. Nicht auszuschlie\u00dfen ist, dass es sich vorl\u00e4ufig nur um ein politisches Signal an die Taliban handelt. Die USA stehen \u00fcber ihren in Afghanistan geborenen und aufgewachsenen Sondergesandten Zalmay Khalilzad in intensiven Verhandlungen mit den Aufst\u00e4ndischen, die \u00fcber gro\u00dfe Teile des Landes herrschen.<\/p>\n<div class=\"row Anzeige Ad-300\">\n<div class=\"portfolio-item\"><a href=\"https:\/\/www.jungewelt.de\/bannercount.php?id=2584&amp;link=https%3A%2F%2Fwww.facebook.com%2Fpg%2Ftalcopunkchanka%2Fevents%2F%3Fref%3Dpage_internal\" target=\"_blank\" rel=\"noopener\"><img loading=\"lazy\" decoding=\"async\" class=\"img-responsive\" src=\"https:\/\/www.jungewelt.de\/bannerdeliver.php?id=2584&amp;tsp=1545511348\" alt=\"long Beach Talco\" width=\"300\" height=\"250\" \/><\/a><\/div>\n<\/div>\n<p>Die letzte Gespr\u00e4chsrunde zwischen Khalilzad und den Taliban fand vor wenigen Tagen in den Vereinigten Arabischen Emiraten statt. Neben diesen waren auch Saudi-Arabien und Pakistan vertreten. Die letzten drei Staaten hatten noch diplomatische Beziehungen zum \u00bbEmirat\u00ab der Fundamentalisten unterhalten, als die USA dort Anfang Oktober 2001 milit\u00e4risch aktiv geworden waren.<\/p>\n<p>Die Taliban verweigern die Aufnahme von Gespr\u00e4chen mit der Regierung in Kabul, solange sich ausl\u00e4ndische Truppen im Land befinden. Bei den dreit\u00e4gigen Verhandlungen in Abu Dhabi kam angeblich von arabischer Seite der Vorschlag einer drei Monate w\u00e4hrenden Waffenruhe, die dazu dienen soll, direkte Kontakte zwischen den Taliban und Kabul anzubahnen. Eine nicht allzu verbindlich formulierte Bereitschaftserkl\u00e4rung der USA zu einem R\u00fcckzug ihrer Truppen k\u00f6nnte diesen Plan vermutlich erleichtern.<\/p>\n<p>Von beiden Parteien des US-Kongresses und von den europ\u00e4ischen Verb\u00fcndeten wurden Trumps anscheinend \u00fcberraschend und unkoordiniert angek\u00fcndigte R\u00fcckzugspl\u00e4ne mit Erschrecken und Emp\u00f6rung kommentiert. Frankreich will an der Stationierung von ungef\u00e4hr 1.000 Soldaten im Irak und in Syrien festhalten. Gelassen gab sich hingegen Israels Regierungschef Benjamin Netanjahu: Er werde die Angriffe gegen \u00bbiranische Stellungen\u00ab in Syrien nicht nur fortsetzen, sondern ausweiten lassen. Er sei sich dabei der Unterst\u00fctzung durch die USA absolut sicher.<\/p>\n<p>Quelle: Junge Welt von 22.12.18<\/p>\n<\/div>\n","protected":false},"excerpt":{"rendered":"<p>US-Pr\u00e4sident will auch Truppen aus Afghanistan zur\u00fcckholen. Sein Verteidigungsminister reicht daraufhin R\u00fccktritt ein Von Knut Mellenthin<\/p>\n","protected":false},"author":2,"featured_media":0,"comment_status":"open","ping_status":"open","sticky":false,"template":"","format":"standard","meta":{"footnotes":""},"categories":[1],"tags":[],"class_list":["post-4945","post","type-post","status-publish","format-standard","hentry","category-allgemein"],"_links":{"self":[{"href":"https:\/\/www.friedensplattform.at\/index.php?rest_route=\/wp\/v2\/posts\/4945","targetHints":{"allow":["GET"]}}],"collection":[{"href":"https:\/\/www.friedensplattform.at\/index.php?rest_route=\/wp\/v2\/posts"}],"about":[{"href":"https:\/\/www.friedensplattform.at\/index.php?rest_route=\/wp\/v2\/types\/post"}],"author":[{"embeddable":true,"href":"https:\/\/www.friedensplattform.at\/index.php?rest_route=\/wp\/v2\/users\/2"}],"replies":[{"embeddable":true,"href":"https:\/\/www.friedensplattform.at\/index.php?rest_route=%2Fwp%2Fv2%2Fcomments&post=4945"}],"version-history":[{"count":1,"href":"https:\/\/www.friedensplattform.at\/index.php?rest_route=\/wp\/v2\/posts\/4945\/revisions"}],"predecessor-version":[{"id":4946,"href":"https:\/\/www.friedensplattform.at\/index.php?rest_route=\/wp\/v2\/posts\/4945\/revisions\/4946"}],"wp:attachment":[{"href":"https:\/\/www.friedensplattform.at\/index.php?rest_route=%2Fwp%2Fv2%2Fmedia&parent=4945"}],"wp:term":[{"taxonomy":"category","embeddable":true,"href":"https:\/\/www.friedensplattform.at\/index.php?rest_route=%2Fwp%2Fv2%2Fcategories&post=4945"},{"taxonomy":"post_tag","embeddable":true,"href":"https:\/\/www.friedensplattform.at\/index.php?rest_route=%2Fwp%2Fv2%2Ftags&post=4945"}],"curies":[{"name":"wp","href":"https:\/\/api.w.org\/{rel}","templated":true}]}}