{"id":4950,"date":"2019-01-07T20:23:23","date_gmt":"2019-01-07T20:23:23","guid":{"rendered":"http:\/\/www.friedensplattform.at\/?p=4950"},"modified":"2019-01-07T20:23:23","modified_gmt":"2019-01-07T20:23:23","slug":"truppenabzug-usa-fordern-schutz-fuer-kurden-in-syrien","status":"publish","type":"post","link":"https:\/\/www.friedensplattform.at\/?p=4950","title":{"rendered":"Truppenabzug: USA fordern Schutz f\u00fcr Kurden in Syrien"},"content":{"rendered":"<h3>Die US-Regierung will ihr Milit\u00e4r so lange in Syrien behalten, bis die T\u00fcrkei sich zum Schutz der Kurden verpflichtet. Der Truppenabzug k\u00f6nnte sich deshalb verz\u00f6gern.<\/h3>\n<p><!--more--><\/p>\n<header class=\"article-header\" data-ct-area=\"articleheader\">\n<div class=\"article__item \">\n<div class=\"metadata\"><time class=\"metadata__date encoded-date\" datetime=\"2019-01-06T23:40:11+01:00\" data-obfuscated=\"Ni4gSmFudWFyIDIwMTksIDE3OjQ0IFVocg==\">6. Januar 2019, 17:44 Uhr<\/time> <time class=\"metadata__date\" datetime=\"2019-01-06T23:40:11+01:00\">Aktualisiert am 6. Januar 2019, 23:40 Uhr<\/time> <span class=\"metadata__source\" data-ct-row=\"source\" data-ct-column=\"false\">Quelle: ZEIT ONLINE, dpa, Reuters, dp<\/span><\/div>\n<\/div>\n<div data-ct-row=\"headerimage\">\n<figure class=\"article__media article__item article__item--wide article__item--rimless article__item--apart scaled-image variant variant--wide\" data-ct-block=\"image\">\n<div class=\"article__media-container \"><img loading=\"lazy\" decoding=\"async\" class=\"article__media-item\" src=\"https:\/\/img.zeit.de\/politik\/ausland\/2019-01\/us-miltaer-syrien\/wide__820x461__desktop\" alt=\"Truppenabzug: Ein US-amerikanisches Milit\u00e4rfahrzeug im ostsyrischen Hadschin \n\n\" width=\"549\" height=\"309\" data-alt=\"Truppenabzug: Ein US-amerikanisches Milit\u00e4rfahrzeug im ostsyrischen Hadschin \n\n\" data-src=\"https:\/\/img.zeit.de\/politik\/ausland\/2019-01\/us-miltaer-syrien\/wide\" data-ratio=\"1.77777777778\" \/><\/div><figcaption class=\"figure__caption  \"><span class=\"figure__text\">Ein US-amerikanisches Milit\u00e4rfahrzeug im ostsyrischen Hadschin <\/span> <span class=\"figure__copyright\">\u00a9\u00a0Delil Souleiman\/AFP\/Getty Images<\/span><\/figcaption><\/figure>\n<\/div>\n<\/header>\n<div class=\"article-body article-body--article\">\n<section class=\"article-page\" data-page-number=\"1\">\n<p class=\"paragraph article__item\">Die USA haben den Schutz der Kurden im Norden <span class=\"rtr-schema-org\"><a class=\"rtr-entity\" href=\"https:\/\/www.zeit.de\/thema\/syrien\">Syriens<\/a><\/span> zur Bedingung f\u00fcr einen Truppenabzug aus dem Land erkl\u00e4rt. Das verk\u00fcndete John Bolton, nationaler Sicherheitsberater von US-Pr\u00e4sident Donald Trump, in Israel. Bolton war f\u00fcr ein Treffen mit Israels Ministerpr\u00e4sident Benjamin Netanjahu im Land.<\/p>\n<p class=\"paragraph article__item\"><span class=\"rtr-schema-org\"><a class=\"rtr-entity\" href=\"https:\/\/www.zeit.de\/thema\/john-bolton\">Bolton<\/a><\/span> forderte die T\u00fcrkei auf, etwaige Milit\u00e4roperationen mit den USA abzusprechen. &#8222;Wir denken nicht, dass die T\u00fcrken Milit\u00e4roperationen unternehmen sollten, die nicht voll mit den USA abgestimmt sind und denen die USA nicht zugestimmt haben.&#8220;<\/p>\n<div class=\"ad-container\"><\/div>\n<div class=\"ad-container\"><\/div>\n<p class=\"paragraph article__item\">Trump sagte, der US-Abzug werde nicht abgeschlossen, bevor der &#8222;Islamische Staat&#8220; v\u00f6llig verschwunden sei. Auf die Nachfrage, wie lang das wohl dauere, sagte er: &#8222;Es wird schnell gehen.&#8220; Auch andere L\u00e4nder k\u00f6nnten dabei mehr gegen den IS tun. &#8222;Der Iran hasst den IS mehr als wir, wenn das m\u00f6glich ist. Russland hasst den IS mehr als wir. Die T\u00fcrkei hasst den Iran vielleicht nicht ganz so sehr wie wir.&#8220;<\/p>\n<p class=\"paragraph article__item\">Bolton zufolge k\u00f6nnte <a class=\"\" href=\"https:\/\/www.zeit.de\/politik\/ausland\/2019-01\/syrien-donald-trump-usa-iran-truppen-abzug\" target=\"_blank\" rel=\"noopener\">der Abzug<\/a> deutlich langsamer vorangehen als von <span class=\"rtr-schema-org\"><a class=\"rtr-entity\" href=\"https:\/\/www.zeit.de\/thema\/donald-trump\">Trump<\/a><\/span> in Aussicht gestellt. &#8222;Zeitpl\u00e4ne entstehen aus der Erf\u00fcllung von Bedingungen und aus der Schaffung von Umst\u00e4nden, die wir sehen wollen&#8220;, sagte Bolton. Er deutete auch an, dass die US-Truppen ihre Pr\u00e4senz im S\u00fcden Syriens l\u00e4nger halten k\u00f6nnten als im Norden des B\u00fcrgerkriegslandes.<\/p>\n<h2 class=\"article__subheading article__item\">Bolton sichert Israel Unterst\u00fctzung zu<\/h2>\n<p class=\"paragraph article__item\">Nach dem Treffen mit Netanjahu sicherte Bolton Israel und weiteren Verb\u00fcndeten die fortw\u00e4hrende Unterst\u00fctzung der <span class=\"rtr-schema-org\"><a class=\"rtr-entity\" href=\"https:\/\/www.zeit.de\/thema\/usa\">Vereinigten Staaten<\/a><\/span> auch nach einem Abzug aus Syrien zu. Bei einem Abzug m\u00fcsse sichergestellt sein, &#8222;dass der &#8218;Islamische Staat&#8216; geschlagen ist und sich nicht wieder erholen und erneut eine Bedrohung werden kann&#8220;, sagte Bolton.<\/p>\n<div class=\"ad-container\"><\/div>\n<div class=\"ad-container\"><\/div>\n<p class=\"paragraph article__item\">Man wolle &#8222;die Verteidigung Israels und unserer anderen Freunde in der Region absolut sicherstellen&#8220; und sich auch um jene k\u00fcmmern, &#8222;die mit uns gegen IS und andere Terrorgruppen gek\u00e4mpft haben&#8220;. An der US-Unterst\u00fctzung f\u00fcr Israels Recht auf Selbstverteidigung k\u00f6nne kein Zweifel bestehen.<\/p>\n<p class=\"paragraph article__item\">Netanjahu k\u00fcndigte an, am Montag gemeinsam Bolton die Golanh\u00f6hen zu besuchen, wenn das Wetter es zulasse. &#8222;Wenn Sie dort sind, werden Sie absolut verstehen, warum wir nie die Golanh\u00f6hen verlassen werden und warum es wichtig ist, dass alle Staaten die Souver\u00e4nit\u00e4t Israels \u00fcber die Golanh\u00f6hen anerkennen&#8220;, sagte Netanjahu dem neben ihm stehenden Bolton. Israel hatte die Golanh\u00f6hen 1967 im Krieg gegen Syrien erobert und im Jahr 1981 annektiert. Die internationale Gemeinschaft hat das jedoch nie anerkannt.<\/p>\n<h2 class=\"article__subheading article__item\">Mehrere Treffen zu Beratungen \u00fcber Syrien geplant<\/h2>\n<p class=\"paragraph article__item\">Bolton hielt sich zu Beratungen in Israel auf und wollte Anfang der Woche in die <span class=\"rtr-schema-org\"><a class=\"rtr-entity\" href=\"https:\/\/www.zeit.de\/thema\/tuerkei\">T\u00fcrkei<\/a><\/span> weiterreisen. Dort werde er unter anderem mit dem t\u00fcrkischen Pr\u00e4sidenten Recep Tayyip Erdo\u011fan beraten, wie der Schutz der Kurden gew\u00e4hrleistet werden k\u00f6nne, sagte Bolton. Wegen der US-Abzugspl\u00e4ne aus Syrien ist auch ein Treffen zwischen Erdo\u011fan und seinem russischen Amtskollegen Wladimir Putin geplant, meldeten t\u00fcrkische und russische Medien. Der t\u00fcrkischen staatlichen Nachrichtenagentur Anadolu zufolge soll das Treffen noch im Januar stattfinden.<\/p>\n<div id=\"iq-artikelanker\"><\/div>\n<p class=\"paragraph article__item\">Die T\u00fcrkei unterst\u00fctzt in Syrien oppositionelle Rebellen, Russland steht im Syrien-Krieg auf der Seite der syrischen Regierung unter Pr\u00e4sident Baschar al-Assad. Im Raum steht unter anderem die Frage, ob die T\u00fcrkei nach dem Abzug der US-Truppen die Hauptverantwortung f\u00fcr den Kampf gegen die Terrormiliz &#8222;Islamischer Staat&#8220; in Syrien \u00fcbernimmt. Zu dieser Frage hatten sich die russischen und t\u00fcrkischen Au\u00dfen- und Verteidigungsminister bereits <a class=\"\" href=\"https:\/\/www.zeit.de\/politik\/ausland\/2018-12\/buergerkrieg-syrien-abstimmung-russland-tuerkei-sergej-lawrow\" target=\"_blank\" rel=\"noopener\">Ende Dezember in Moskau beraten<\/a>.<\/p>\n<h2 class=\"article__subheading article__item\">\u00dcberraschende Ank\u00fcndigung sorgte f\u00fcr Kritik<\/h2>\n<p class=\"paragraph article__item\">US-Pr\u00e4sident Donald Trump hatte vor Weihnachten <a class=\"\" href=\"https:\/\/www.zeit.de\/politik\/2019-01\/us-aussenminister-mike-pompeo-tuerkei-kurden-ypg-syrien\" target=\"_blank\" rel=\"noopener\">den vollst\u00e4ndigen Abzug der US-Armee aus Syrien angek\u00fcndigt<\/a> und den IS als besiegt erkl\u00e4rt. Die \u00fcberraschende Ank\u00fcndigung sorgte nicht nur bei den Verb\u00fcndeten im Kampf gegen den IS f\u00fcr Kritik, sondern auch in den USA f\u00fcr Unverst\u00e4ndnis. So trat nach Trumps Entscheidung <a class=\"\" href=\"https:\/\/www.zeit.de\/politik\/ausland\/2018-12\/james-mattis-usa-verteidigungsminister-donald-trump-ruecktritt\" target=\"_blank\" rel=\"noopener\">der Verteidigungsminister James Mattis zur\u00fcck<\/a>, zahlreiche US-Politiker kritisierten Trumps Entschluss. Auch westliche Verb\u00fcndete und die syrischen Kurden zeigten sich alarmiert.<\/p>\n<p class=\"paragraph article__item\">Die USA stehen bislang an der Spitze einer internationalen Koalition, die den IS in Syrien aus der Luft bek\u00e4mpft. Ihr wichtigster Verb\u00fcndeter am Boden ist die Kurdenmiliz YPG, die im Nordosten des Landes die Syrischen Demokratischen Kr\u00e4fte anf\u00fchrt. Sie werden dabei von den US-Truppen unterst\u00fctzt, die nun abgezogen werden sollen. Die T\u00fcrkei sieht die kurdischen K\u00e4mpfer jedoch als Terroristen an und hatte damit gedroht, die YPG zu zerschlagen.<\/p>\n<\/section>\n<\/div>\n","protected":false},"excerpt":{"rendered":"<p>Die US-Regierung will ihr Milit\u00e4r so lange in Syrien behalten, bis die T\u00fcrkei sich zum Schutz der Kurden verpflichtet. Der Truppenabzug k\u00f6nnte sich deshalb verz\u00f6gern.<\/p>\n","protected":false},"author":2,"featured_media":0,"comment_status":"open","ping_status":"open","sticky":false,"template":"","format":"standard","meta":{"footnotes":""},"categories":[1],"tags":[],"class_list":["post-4950","post","type-post","status-publish","format-standard","hentry","category-allgemein"],"_links":{"self":[{"href":"https:\/\/www.friedensplattform.at\/index.php?rest_route=\/wp\/v2\/posts\/4950","targetHints":{"allow":["GET"]}}],"collection":[{"href":"https:\/\/www.friedensplattform.at\/index.php?rest_route=\/wp\/v2\/posts"}],"about":[{"href":"https:\/\/www.friedensplattform.at\/index.php?rest_route=\/wp\/v2\/types\/post"}],"author":[{"embeddable":true,"href":"https:\/\/www.friedensplattform.at\/index.php?rest_route=\/wp\/v2\/users\/2"}],"replies":[{"embeddable":true,"href":"https:\/\/www.friedensplattform.at\/index.php?rest_route=%2Fwp%2Fv2%2Fcomments&post=4950"}],"version-history":[{"count":1,"href":"https:\/\/www.friedensplattform.at\/index.php?rest_route=\/wp\/v2\/posts\/4950\/revisions"}],"predecessor-version":[{"id":4951,"href":"https:\/\/www.friedensplattform.at\/index.php?rest_route=\/wp\/v2\/posts\/4950\/revisions\/4951"}],"wp:attachment":[{"href":"https:\/\/www.friedensplattform.at\/index.php?rest_route=%2Fwp%2Fv2%2Fmedia&parent=4950"}],"wp:term":[{"taxonomy":"category","embeddable":true,"href":"https:\/\/www.friedensplattform.at\/index.php?rest_route=%2Fwp%2Fv2%2Fcategories&post=4950"},{"taxonomy":"post_tag","embeddable":true,"href":"https:\/\/www.friedensplattform.at\/index.php?rest_route=%2Fwp%2Fv2%2Ftags&post=4950"}],"curies":[{"name":"wp","href":"https:\/\/api.w.org\/{rel}","templated":true}]}}