{"id":4952,"date":"2019-01-07T20:30:11","date_gmt":"2019-01-07T20:30:11","guid":{"rendered":"http:\/\/www.friedensplattform.at\/?p=4952"},"modified":"2019-01-07T20:30:52","modified_gmt":"2019-01-07T20:30:52","slug":"putin-nutzt-die-gunst-der-stunde","status":"publish","type":"post","link":"https:\/\/www.friedensplattform.at\/?p=4952","title":{"rendered":"Putin nutzt die Gunst der Stunde"},"content":{"rendered":"<article class=\"sectbody\">\n<h4>Kommentar Kurdisch-syrische Allianzen<\/h4>\n<p>TAZ, 30.12.18<\/p>\n<p class=\"intro \">Trump hat Syriens Kurden verraten. Diese kooperieren in ihrer Not mit Russland. Das verhindert zwar einen Krieg, erfordert aber bittere Zugest\u00e4ndnisse.<\/p>\n<p><a class=\"full picture\" href=\"http:\/\/www.taz.de\/picture\/3159982\/948\/kurden.jpeg\" target=\"fullImage\" shape=\"rect\"><img loading=\"lazy\" decoding=\"async\" class=\"\" title=\"Soldaten stehen auf einem weiten Feld in der D\u00e4mmerung\" src=\"http:\/\/www.taz.de\/picture\/3159982\/624\/kurden.jpeg\" alt=\"Soldaten stehen auf einem weiten Feld in der D\u00e4mmerung\" width=\"330\" height=\"165\" \/><\/a><\/p>\n<p class=\"caption\">Mal wieder allein auf weiter Flur: die Kurden, hier die K\u00e4mpfer der YPG <span class=\"credit\"> Foto: ap<\/span><\/p>\n<p><!--more--><\/p>\n<p class=\"article first odd Initial\">Noch bevor der <a href=\"http:\/\/www.taz.de\/Kommentar-Rueckzug-der-USA-aus-Syrien\/!5560399\/\" target=\"_blank\" rel=\"noopener\" shape=\"rect\">angek\u00fcndigte R\u00fcckzug der US-Soldaten<\/a> aus Syrien \u00fcberhaupt richtig begonnen hat, zeigen sich bereits die Folgen. <a href=\"http:\/\/www.taz.de\/Krieg-in-Syrien\/!5562182\/\" target=\"_blank\" rel=\"noopener\" shape=\"rect\">Nicht die T\u00fcrkei<\/a>, sondern der russische Pr\u00e4sident Wladimir Putin nutzt die Gunst der Stunde, um das syrische Kriegsgebiet in seinem Sinne neu zu ordnen.<\/p>\n<p class=\"article even\">Der Schl\u00fcssel dazu sind die syrischen Kurden. Politisch dominiert werden die kurdischen Gebiete in Syrien von der DYP, einer s\u00e4kularen, eigentlich linken Organisation, die sich in ihren politischen Vorstellungen eng an den Gr\u00fcnder der verbotenen und in der T\u00fcrkei als terroristisch eingestuften kurdisch-t\u00fcrkischen PKK, Abdullah \u00d6calan, anlehnt.<\/p>\n<p class=\"article odd\">Dennoch haben die DYP und ihr milit\u00e4rischer Fl\u00fcgel, die YPG, gegen die Bedrohung durch den sogenannten Islamischen Staat (IS) milit\u00e4risch eng mit den USA kooperiert. Die Entscheidung von US-Pr\u00e4sident Donald Trump, das amerikanische Engagement in Syrien von Knall auf Fall zu beenden, haben viele Kurden als Verrat empfunden.<\/p>\n<p class=\"article even\">Schneller als von den meisten Beobachtern vermutet, haben die Kurden Konsequenzen gezogen. Sie setzen nicht mehr auf den Westen, sondern bieten Putin ihre Zusammenarbeit an, die dieser dankbar annimmt. F\u00fcr russischen Schutz gegen einen t\u00fcrkischen Einmarsch in ihr Gebiet m\u00fcssen sie die R\u00fcckkehr der Assad-Truppen akzeptieren, was wohl zu erheblichen Einbu\u00dfen bei der kurdischen Selbstverwaltung f\u00fchren wird.<\/p>\n<h6>Auch t\u00fcrkische Regierung d\u00fcrfte nicht zufrieden sein<\/h6>\n<p class=\"article odd\">Zwar verhindert Putin damit einen t\u00fcrkisch-kurdischen Krieg in Nordsyrien, aber die Kurden werden im Gegenzug gro\u00dfe Zugest\u00e4ndnisse machen m\u00fcssen. <a href=\"http:\/\/www.taz.de\/Kurdenkonferenz-im-Spaetsommer\/!5062388\/\" target=\"_blank\" rel=\"noopener\" shape=\"rect\">Ihr Traum von einem autonomen Gebiet<\/a>, wie es die Kurden im Nord\u00adirak genie\u00dfen, geschweige denn von einem eigenen kurdischen Staat d\u00fcrfte f\u00fcr lange Zeit ausgetr\u00e4umt sein.<\/p>\n<p class=\"article last even\">Letztlich werden mit der R\u00fcckkehr der Assad-Diktatur aber weder die Kurden <a href=\"http:\/\/www.taz.de\/Russisch-tuerkische-Syrien-Politik\/!5562315\/\" target=\"_blank\" rel=\"noopener\" shape=\"rect\">noch die t\u00fcrkische Regierung zufrieden sein<\/a>. Wie schon das t\u00fcrkisch-irakische Grenzgebiet wird auch das t\u00fcrkisch-syrische Grenzgebiet so lange keinen Frieden finden, bis es nicht eine politische L\u00f6sung f\u00fcr die Kurden in der gesamten Region gibt.<\/p>\n<\/article>\n<p>&nbsp;<\/p>\n<p>&nbsp;<\/p>\n","protected":false},"excerpt":{"rendered":"<p>Kommentar Kurdisch-syrische Allianzen TAZ, 30.12.18 Trump hat Syriens Kurden verraten. Diese kooperieren in ihrer Not mit Russland. Das verhindert zwar einen Krieg, erfordert aber bittere Zugest\u00e4ndnisse. Mal wieder allein auf weiter Flur: die Kurden, hier die K\u00e4mpfer der YPG Foto: ap<\/p>\n","protected":false},"author":2,"featured_media":0,"comment_status":"open","ping_status":"open","sticky":false,"template":"","format":"standard","meta":{"footnotes":""},"categories":[1],"tags":[],"class_list":["post-4952","post","type-post","status-publish","format-standard","hentry","category-allgemein"],"_links":{"self":[{"href":"https:\/\/www.friedensplattform.at\/index.php?rest_route=\/wp\/v2\/posts\/4952","targetHints":{"allow":["GET"]}}],"collection":[{"href":"https:\/\/www.friedensplattform.at\/index.php?rest_route=\/wp\/v2\/posts"}],"about":[{"href":"https:\/\/www.friedensplattform.at\/index.php?rest_route=\/wp\/v2\/types\/post"}],"author":[{"embeddable":true,"href":"https:\/\/www.friedensplattform.at\/index.php?rest_route=\/wp\/v2\/users\/2"}],"replies":[{"embeddable":true,"href":"https:\/\/www.friedensplattform.at\/index.php?rest_route=%2Fwp%2Fv2%2Fcomments&post=4952"}],"version-history":[{"count":2,"href":"https:\/\/www.friedensplattform.at\/index.php?rest_route=\/wp\/v2\/posts\/4952\/revisions"}],"predecessor-version":[{"id":4954,"href":"https:\/\/www.friedensplattform.at\/index.php?rest_route=\/wp\/v2\/posts\/4952\/revisions\/4954"}],"wp:attachment":[{"href":"https:\/\/www.friedensplattform.at\/index.php?rest_route=%2Fwp%2Fv2%2Fmedia&parent=4952"}],"wp:term":[{"taxonomy":"category","embeddable":true,"href":"https:\/\/www.friedensplattform.at\/index.php?rest_route=%2Fwp%2Fv2%2Fcategories&post=4952"},{"taxonomy":"post_tag","embeddable":true,"href":"https:\/\/www.friedensplattform.at\/index.php?rest_route=%2Fwp%2Fv2%2Ftags&post=4952"}],"curies":[{"name":"wp","href":"https:\/\/api.w.org\/{rel}","templated":true}]}}