{"id":4958,"date":"2019-01-08T18:55:19","date_gmt":"2019-01-08T18:55:19","guid":{"rendered":"http:\/\/www.friedensplattform.at\/?p=4958"},"modified":"2019-01-08T19:06:15","modified_gmt":"2019-01-08T19:06:15","slug":"24-maerz-symposium-20-jahre-nato-krieg-gegen-jugoslawien","status":"publish","type":"post","link":"https:\/\/www.friedensplattform.at\/?p=4958","title":{"rendered":"24. M\u00e4rz: Symposium: 20 Jahre Nato-Krieg gegen Jugoslawien"},"content":{"rendered":"<h3><strong>Sonntag, 24. M\u00e4rz 13.00-17.00<\/strong><\/h3>\n<h3 class=\"_xkh\"><span id=\"u_oa_e\" class=\"_5xhk\">\u00d6GB Riverbox, Johann-B\u00f6hm-<wbr \/>Platz 1, 1020 Wien<\/span><\/h3>\n<p><!--more--><\/p>\n<p>Zwanzig Jahre NATO-Krieg gegen Jugoslawien \u2013 hat der Balkan eine Zukunft?<\/p>\n<p>mit Petritsch, Hofbauer, Gritsch,Relji\u0107, Pernar, Civikov<\/p>\n<p>* Germinal Civikov, bulgarisch-niederl\u00e4ndischer Germanist, Autor von B\u00fcchern zum Jugoslawienkrieg und zum Milo\u0161evi\u0107-Prozess<\/p>\n<p>* Ivan Pernar, Mitglied des kroatischen Parlaments und Kritiker von<br \/>\nNATO und EU<\/p>\n<p>* Slobodan Relji\u0107, serbischer Journalist, ehemaliger Chefredakteur des politischen Magazins NIN und Soziologe<\/p>\n<p>* Kurt Gritsch, Historiker und Autor des Buches \u201eKrieg um Kosovo. Geschichte, Hintergr\u00fcnde, Folgen\u201c<\/p>\n<p>* Wolfgang Petritsch, ehemaliger EU-Gesandter f\u00fcr den Kosovo,<br \/>\nChefverhandler in Rambouillet und Hoher Repr\u00e4sentant in<br \/>\nBosnien und Herzegowina<\/p>\n<p>* Hannes Hofbauer, Verleger, Historiker und Autor zahlreicher B\u00fccher \u00fcber Osteuropa und den Balkan<\/p>\n<p>Vor zwanzig Jahren griff die NATO Jugoslawien an. Die Operation Allied Force, der erste gro\u00dfe Krieg auf europ\u00e4ischem Boden seit 1945, war weder durch ein UNO-Mandat gedeckt noch durch das Eintreten des B\u00fcndnisfalls zu rechtfertigen. Dieser v\u00f6lkerrechtwidrigen Milit\u00e4rintervention war ein Jahrzehnt von b\u00fcrgerkriegsartigen Auseinandersetzungen vorausgegangen, mit starker ausl\u00e4ndischer Einmischung. \u00d6sterreich und die EU hatten ihre H\u00e4nde mit im Spiel. Nach wie vor dominiert ein Gut-B\u00f6se-Narrativ, in dem sich der Westen die Rolle der f\u00fcr Humanit\u00e4t und Ordnung sorgenden Polizei zuschreibt, w\u00e4hrend Serbien, damals Jugoslawien, noch immer der Part des Aggressors zuteil wird. Tatsache ist jedoch, dass danach ein Staat nicht mehr existierte, dar einen selbstst\u00e4ndigen Entwicklungsweg unternommen und die \u00dcberwindung von Nationalit\u00e4tenkonflikten durch Integration sich zum Ziel gesetzt hatte.<\/p>\n<p>Wir wollen im historischen Abstand die offizielle Darstellung auf den Pr\u00fcfstand stellen:<\/p>\n<p>F\u00fchrten die Nato-Bomben und EU-Protektorate tats\u00e4chlich zu einer demokratischen Stabilisierung im ehemaligen Jugoslawien? Haben die Westintegration und der damit einhergehende Wirtschaftsliberalismus Fr\u00fcchte getragen? Und: funktioniert das Zusammenleben der Nationalit\u00e4ten heute besser?<\/p>\n<p>Die weinende Wand \/ Zid pla\u010de &#8211; Austellung des Vereins Prosvijeta<\/p>\n<p>Veranstalter: Komitee 20 Jahre Nato-Krieg gegen Jugoslawien<\/p>\n<p>Unterst\u00fctzt von: Serbisch-\u00d6sterreichische Solidarit\u00e4tsbewegung, Gewerkschaftlicher Linksblock \u00d6GB, Solidarwerkstatt, Antiimperialistische Koordination, Dachverband f\u00fcr serbische Vereine in Wien, Prosvijeta, Komintern, Partei der Arbeit<\/p>\n<p>***<br \/>\nSIMPOZIJ<\/p>\n<p>Dvadeset godina od NATO-rata protiv Jugoslavije \u2013 ima li budu\u0107nosti na Balkanu?<\/p>\n<p>Pre dvadeset godina NATO je napala Jugoslaviju. Vojna operacija \u201eSavezni\u010dka sila\u201c izvr\u0161ena je bez odobrenja Saveta bezbednosti UN i nije bila opravdana kao odbrana saveznih sila NATO-a. Ovim napada\u010dkim ratu, koji je bio protivan me\u0111unarodnom pravu, prethodila je decenija gra\u0111anskih ratova na prostorima biv\u0161e Jugoslavije, u koje su se ume\u0161ale i strane sile, uklju\u010duju\u0107i Austriju i druge zemlje Evropske unije.<br \/>\nI dalje postoji jasna podela na dobro i zlo: Zapad sebi pripisuje ulogu humanitarnog policajca, koji \u010duva red i poredak, dok samoj Srbiji (tada\u0161njoj SRJ) i dalje pripada uloga agresora. \u010cinjenica je da nakon svih ratova jedna zemlja vi\u0161e nije postojala, zemlja Jugoslavija, koja je poku\u0161ala da se razvije na samostalan na\u010din i koja je imala za cilj da prevazi\u0111e nacionalno pitanje, koje su strane sile koristile za destabilizaciju zemlje.<br \/>\nU istorijskom razmaku ho\u0107emo da preispitamo zvani\u010dno predo\u010denje:<br \/>\nDa li su zapadne bombe zaista bile garant za demokratsku stabilizaciju na prostorima biv\u0161e Jugoslavije? Da li su obe\u0107anja ekonomskog liberalizma i Zapadna integracija bili plodonosni? Da li zajedni\u010dki \u017eivot naroda danas bolje funkcioni\u0161e?<\/p>\n<p>13:00 \u010dasova: Otvaranje simpozija<br \/>\n13:30 \u010dasova: Referati<\/p>\n<p>\u2022 \u017derminal \u010civikov, novinar i istra\u017eiva\u010d u oblasti knji\u017eevnosti, autor knjige o procesu Slobodanu Milo\u0161evi\u0107u i knjige Srebrenica \u2013 krunski svedok<\/p>\n<p>\u2022 Ivan Pernar, politi\u010dki aktivista i zastupnik Hrvatskog sabora. kriti\u010dar podre\u0111enosti pod NATO i Evropsku uniju<\/p>\n<p>\u2022 Slobodan Relji\u0107, novinar, biv\u0161i glavni urednik NIN-a i sociolog,<br \/>\nautor knjige \u2018Odumiranje slobodnih medija\u2019<\/p>\n<p>\u2022 Kurt Gritsch, istori\u010dar i autor knjige Rat oko Kosova. Istorija, pozadine i posledice<\/p>\n<p>15:00 \u010dasova: Diskusija sa publikom<\/p>\n<p>[Pauza]<\/p>\n<p>15:30 \u010dasova: Javna rasprava<br \/>\nBalkan: NATO-rat, protektorati Evropske unije i Zapadna integracija \u2013 civilizacijski napredak ili neokolonijalizam?<\/p>\n<p>\u2022 Volfgang Petri\u010d, posebni izaslanik EU za Kosmet, glavni pregovara\u010d EU u Rambujeu 1999.god., visoki predstavnik UN u Bosni i Hercegovini<\/p>\n<p>\u2022 Hanes Hofbauer, istori\u010dar, izdava\u010d i autor knjiga o isto\u010dnoj Evropi i Balkanu<\/p>\n<p>sa izlo\u017ebom \u201eZid pla\u010de\u201c udru\u017eenja SPKD Prosvijeta Austrija<br \/>\nNedelja, 24. mart 2019.<br \/>\n\u00d6GB-Haus (Zgrada sindikata)<br \/>\nJohann-B\u00f6hm-Platz 1<br \/>\n1020 Be\u010d<\/p>\n<p>Organizatori: Komitet \u201e20 godina od NATO-rata protiv Jugoslavije\u201c<br \/>\nPodr\u017eavaju: Srpsko-Austrijski Pokret Solidarnosti, Jugoslovensko-Austrijsko udru\u017eenje, Levo krilo austrijskog sindikata (Gewerkschaftlicher Linksblock im \u00d6GB), Radionica Solidarnosti (Solidarwerkstatt), Anti-imperijalisti\u010dka koordinacija (Antiimperialistische Koordination), srpski klubovi i udru\u017eenja (SPKD Prosvijeta Austrija, Krovni savez srkskih udru\u017eenja, IDEA i druga udru\u017eenja \u2013 nije jo\u0161 gotov popis svih organizacija, koje podr\u017eavaju simpozij)<\/p>\n<p>&nbsp;<\/p>\n<p>Gastgeber: Antiimperialistische Koordination (AIK)<\/p>\n","protected":false},"excerpt":{"rendered":"<p>Sonntag, 24. M\u00e4rz 13.00-17.00 \u00d6GB Riverbox, Johann-B\u00f6hm-Platz 1, 1020 Wien<\/p>\n","protected":false},"author":2,"featured_media":0,"comment_status":"open","ping_status":"open","sticky":false,"template":"","format":"standard","meta":{"footnotes":""},"categories":[1,19],"tags":[],"class_list":["post-4958","post","type-post","status-publish","format-standard","hentry","category-allgemein","category-termine"],"_links":{"self":[{"href":"https:\/\/www.friedensplattform.at\/index.php?rest_route=\/wp\/v2\/posts\/4958","targetHints":{"allow":["GET"]}}],"collection":[{"href":"https:\/\/www.friedensplattform.at\/index.php?rest_route=\/wp\/v2\/posts"}],"about":[{"href":"https:\/\/www.friedensplattform.at\/index.php?rest_route=\/wp\/v2\/types\/post"}],"author":[{"embeddable":true,"href":"https:\/\/www.friedensplattform.at\/index.php?rest_route=\/wp\/v2\/users\/2"}],"replies":[{"embeddable":true,"href":"https:\/\/www.friedensplattform.at\/index.php?rest_route=%2Fwp%2Fv2%2Fcomments&post=4958"}],"version-history":[{"count":3,"href":"https:\/\/www.friedensplattform.at\/index.php?rest_route=\/wp\/v2\/posts\/4958\/revisions"}],"predecessor-version":[{"id":4964,"href":"https:\/\/www.friedensplattform.at\/index.php?rest_route=\/wp\/v2\/posts\/4958\/revisions\/4964"}],"wp:attachment":[{"href":"https:\/\/www.friedensplattform.at\/index.php?rest_route=%2Fwp%2Fv2%2Fmedia&parent=4958"}],"wp:term":[{"taxonomy":"category","embeddable":true,"href":"https:\/\/www.friedensplattform.at\/index.php?rest_route=%2Fwp%2Fv2%2Fcategories&post=4958"},{"taxonomy":"post_tag","embeddable":true,"href":"https:\/\/www.friedensplattform.at\/index.php?rest_route=%2Fwp%2Fv2%2Ftags&post=4958"}],"curies":[{"name":"wp","href":"https:\/\/api.w.org\/{rel}","templated":true}]}}