{"id":4966,"date":"2019-01-12T10:14:57","date_gmt":"2019-01-12T10:14:57","guid":{"rendered":"http:\/\/www.friedensplattform.at\/?p=4966"},"modified":"2019-01-12T10:14:57","modified_gmt":"2019-01-12T10:14:57","slug":"zehn-jahre-nach-dem-ersten-krieg-gegen-gaza-plant-israel-immer-noch-endlose-rohe-gewalt","status":"publish","type":"post","link":"https:\/\/www.friedensplattform.at\/?p=4966","title":{"rendered":"Zehn Jahre nach dem ersten Krieg gegen Gaza plant Israel immer noch endlose rohe Gewalt."},"content":{"rendered":"<p>Von Avi Shlaim<\/p>\n<p>Operation Cast Lead t\u00f6tete 1.417 Menschen. Entspannt nennen die Gener\u00e4le ihre wiederholten Bombardements &#8222;Rasenm\u00e4hen&#8220;.<\/p>\n<p>Original:<\/p>\n<p><a href=\"https:\/\/www.theguardian.com\/commentisfree\/2019\/jan\/07\/ten-years-first-war-gaza-operation-cast-lead-israel-brute-force?CMP=share_btn_fb&amp;fbclid=IwAR26R1sNcv7uA_921zbMh0YxB1fu26pV_wg4wXBgPrh_XbItbt76LPUt7es\">https:\/\/www.theguardian.com\/commentisfree\/2019\/jan\/07\/ten-years-first-war-gaza-operation-cast-lead-israel-brute-force?CMP=share_btn_fb&amp;fbclid=IwAR26R1sNcv7uA_921zbMh0YxB1fu26pV_wg4wXBgPrh_XbItbt76LPUt7es<\/a><\/p>\n<p>&nbsp;<\/p>\n<p>Montag, 7.1. 2019 16.44 GMT Letzte \u00c4nderung am Tue 8 Jan 2019 11.16 GMT<\/p>\n<p><a href=\"http:\/\/www.friedensplattform.at\/wp-content\/uploads\/2019\/01\/3424.jpg\"><img loading=\"lazy\" decoding=\"async\" class=\"alignnone size-medium wp-image-4967\" src=\"http:\/\/www.friedensplattform.at\/wp-content\/uploads\/2019\/01\/3424-300x180.jpg\" alt=\"\" width=\"300\" height=\"180\" srcset=\"https:\/\/www.friedensplattform.at\/wp-content\/uploads\/2019\/01\/3424-300x180.jpg 300w, https:\/\/www.friedensplattform.at\/wp-content\/uploads\/2019\/01\/3424.jpg 620w\" sizes=\"auto, (max-width: 300px) 100vw, 300px\" \/><\/a><\/p>\n<p>Pal\u00e4stinensische Frauen in Jebaliya, Januar 2009. Foto: Hatem Moussa\/AP<\/p>\n<p>&nbsp;<\/p>\n<p>In diesem Monat j\u00e4hrt sich zum zehnten Mal der erste gro\u00dfe milit\u00e4rische Angriff auf die 2 Millionen Pal\u00e4stinenser im Gazastreifen. Nach dem einseitigen R\u00fcckzug aus dem Gazastreifen im Jahr 2005 machte Israel das Gebiet zum gr\u00f6\u00dften Freiluft-Gef\u00e4ngnis der Welt. Die beiden Hauptkennzeichen der israelischen Haltung gegen\u00fcber Gaza sind seitdem Verlogenheit und \u00e4u\u00dferste Brutalit\u00e4t gegen\u00fcber der Zivilbev\u00f6lkerung.<\/p>\n<p><!--more--><\/p>\n<p><a href=\"http:\/\/www.friedensplattform.at\/wp-content\/uploads\/2019\/01\/2019jaennerTen-years-after-the-first-war-on-GazaTEIL2.pdf\">2019jaennerTen years after the first war on GazaTEIL2<\/a><\/p>\n<p>&nbsp;<\/p>\n","protected":false},"excerpt":{"rendered":"<p>Von Avi Shlaim Operation Cast Lead t\u00f6tete 1.417 Menschen. Entspannt nennen die Gener\u00e4le ihre wiederholten Bombardements &#8222;Rasenm\u00e4hen&#8220;. Original: https:\/\/www.theguardian.com\/commentisfree\/2019\/jan\/07\/ten-years-first-war-gaza-operation-cast-lead-israel-brute-force?CMP=share_btn_fb&amp;fbclid=IwAR26R1sNcv7uA_921zbMh0YxB1fu26pV_wg4wXBgPrh_XbItbt76LPUt7es &nbsp; Montag, 7.1. 2019 16.44 GMT Letzte \u00c4nderung am Tue 8 Jan 2019 11.16 GMT Pal\u00e4stinensische Frauen in Jebaliya, Januar 2009. Foto: Hatem Moussa\/AP &nbsp; In diesem Monat j\u00e4hrt sich zum zehnten Mal der erste gro\u00dfe &hellip; <a href=\"https:\/\/www.friedensplattform.at\/?p=4966\" class=\"more-link\"><span class=\"screen-reader-text\">Zehn Jahre nach dem ersten Krieg gegen Gaza plant Israel immer noch endlose rohe Gewalt.<\/span> weiterlesen <span class=\"meta-nav\">&rarr;<\/span><\/a><\/p>\n","protected":false},"author":5,"featured_media":0,"comment_status":"open","ping_status":"open","sticky":false,"template":"","format":"standard","meta":{"footnotes":""},"categories":[1,18],"tags":[],"class_list":["post-4966","post","type-post","status-publish","format-standard","hentry","category-allgemein","category-palaestina-solidaritaet"],"_links":{"self":[{"href":"https:\/\/www.friedensplattform.at\/index.php?rest_route=\/wp\/v2\/posts\/4966","targetHints":{"allow":["GET"]}}],"collection":[{"href":"https:\/\/www.friedensplattform.at\/index.php?rest_route=\/wp\/v2\/posts"}],"about":[{"href":"https:\/\/www.friedensplattform.at\/index.php?rest_route=\/wp\/v2\/types\/post"}],"author":[{"embeddable":true,"href":"https:\/\/www.friedensplattform.at\/index.php?rest_route=\/wp\/v2\/users\/5"}],"replies":[{"embeddable":true,"href":"https:\/\/www.friedensplattform.at\/index.php?rest_route=%2Fwp%2Fv2%2Fcomments&post=4966"}],"version-history":[{"count":2,"href":"https:\/\/www.friedensplattform.at\/index.php?rest_route=\/wp\/v2\/posts\/4966\/revisions"}],"predecessor-version":[{"id":4970,"href":"https:\/\/www.friedensplattform.at\/index.php?rest_route=\/wp\/v2\/posts\/4966\/revisions\/4970"}],"wp:attachment":[{"href":"https:\/\/www.friedensplattform.at\/index.php?rest_route=%2Fwp%2Fv2%2Fmedia&parent=4966"}],"wp:term":[{"taxonomy":"category","embeddable":true,"href":"https:\/\/www.friedensplattform.at\/index.php?rest_route=%2Fwp%2Fv2%2Fcategories&post=4966"},{"taxonomy":"post_tag","embeddable":true,"href":"https:\/\/www.friedensplattform.at\/index.php?rest_route=%2Fwp%2Fv2%2Ftags&post=4966"}],"curies":[{"name":"wp","href":"https:\/\/api.w.org\/{rel}","templated":true}]}}