{"id":4972,"date":"2019-01-14T09:29:57","date_gmt":"2019-01-14T09:29:57","guid":{"rendered":"http:\/\/www.friedensplattform.at\/?p=4972"},"modified":"2019-01-14T21:06:30","modified_gmt":"2019-01-14T21:06:30","slug":"oesterreicher-im-herz-der-finsternis%ca%bb","status":"publish","type":"post","link":"https:\/\/www.friedensplattform.at\/?p=4972","title":{"rendered":"\u201e\u00d6sterreicher im ,Herz der Finsternis\u02bb\u201c"},"content":{"rendered":"<h3>Vortrag von Walter Sauer<\/h3>\n<h3>24.01.2019 19:00-21:00<\/h3>\n<h3>Ort: KUNSTHAUS GRAZ,Space04<\/h3>\n<p>&nbsp;<\/p>\n<p><!--more--><\/p>\n<p>Walter Sauer spricht im Rahmen der Ausstellung &#8222;<a href=\"https:\/\/www.museum-joanneum.at\/kunsthaus-graz\/ausstellungen\/ausstellungen\/events\/event\/6880\/congo-stars\">Congo Stars<\/a>&#8220; \u00fcber \u201e\u00d6sterreicher im ,Herz der Finsternis\u02bb\u201c.<\/p>\n<p>In seiner Erz\u00e4hlung <em>Herz der Finsternis<\/em> verarbeitete Joseph Conrad 1899 die Erfahrungen, die er im Kongostaat gewonnen hatte. Diesen hatten die europ\u00e4ischen Gro\u00dfm\u00e4chte dem belgischen K\u00f6nig als Privatkolonie zugesprochen. Leopolds II. brutale Herrschaft forderte Millionen Todesopfer und gilt als der Tiefpunkt des europ\u00e4ischen Kolonialismus in Afrika.<\/p>\n<p>Wenig bekannt ist, dass auch junge Offiziere aus \u00d6sterreich-Ungarn in die sogenannten Kongogr\u00e4uel verwickelt waren: R\u00fccksichtslos strebten sie eine Karriere im Kolonialdienst an, einige wenige schafften es. Kritische Stimmen \u00fcber die Menschenrechtsverbrechen im Kongo gab es in der Habsburgermonarchie hingegen nur wenige. <strong>Hatte Joseph Conrad recht, als er nicht Zentralafrika, sondern Europa als eine Quelle der Barbarei beschrieb?<\/strong><\/p>\n<p>&nbsp;<\/p>\n","protected":false},"excerpt":{"rendered":"<p>Vortrag von Walter Sauer 24.01.2019 19:00-21:00 Ort: KUNSTHAUS GRAZ,Space04 &nbsp;<\/p>\n","protected":false},"author":2,"featured_media":0,"comment_status":"open","ping_status":"open","sticky":false,"template":"","format":"standard","meta":{"footnotes":""},"categories":[2,1],"tags":[],"class_list":["post-4972","post","type-post","status-publish","format-standard","hentry","category-afrikanischer-raum","category-allgemein"],"_links":{"self":[{"href":"https:\/\/www.friedensplattform.at\/index.php?rest_route=\/wp\/v2\/posts\/4972","targetHints":{"allow":["GET"]}}],"collection":[{"href":"https:\/\/www.friedensplattform.at\/index.php?rest_route=\/wp\/v2\/posts"}],"about":[{"href":"https:\/\/www.friedensplattform.at\/index.php?rest_route=\/wp\/v2\/types\/post"}],"author":[{"embeddable":true,"href":"https:\/\/www.friedensplattform.at\/index.php?rest_route=\/wp\/v2\/users\/2"}],"replies":[{"embeddable":true,"href":"https:\/\/www.friedensplattform.at\/index.php?rest_route=%2Fwp%2Fv2%2Fcomments&post=4972"}],"version-history":[{"count":1,"href":"https:\/\/www.friedensplattform.at\/index.php?rest_route=\/wp\/v2\/posts\/4972\/revisions"}],"predecessor-version":[{"id":4973,"href":"https:\/\/www.friedensplattform.at\/index.php?rest_route=\/wp\/v2\/posts\/4972\/revisions\/4973"}],"wp:attachment":[{"href":"https:\/\/www.friedensplattform.at\/index.php?rest_route=%2Fwp%2Fv2%2Fmedia&parent=4972"}],"wp:term":[{"taxonomy":"category","embeddable":true,"href":"https:\/\/www.friedensplattform.at\/index.php?rest_route=%2Fwp%2Fv2%2Fcategories&post=4972"},{"taxonomy":"post_tag","embeddable":true,"href":"https:\/\/www.friedensplattform.at\/index.php?rest_route=%2Fwp%2Fv2%2Ftags&post=4972"}],"curies":[{"name":"wp","href":"https:\/\/api.w.org\/{rel}","templated":true}]}}