{"id":4984,"date":"2019-02-07T13:43:28","date_gmt":"2019-02-07T13:43:28","guid":{"rendered":"http:\/\/www.friedensplattform.at\/?p=4984"},"modified":"2019-02-07T13:43:28","modified_gmt":"2019-02-07T13:43:28","slug":"martha-nussbaum-das-koenigreich-der-angst-gedanken-zur-aktuellen-politischen-krise","status":"publish","type":"post","link":"https:\/\/www.friedensplattform.at\/?p=4984","title":{"rendered":"Martha Nussbaum: \u201eDas K\u00f6nigreich der Angst. Gedanken zur aktuellen politischen Krise\u201c"},"content":{"rendered":"<p>Aus dem Englischen von Manfred Weltecke<br \/>\nStuttgart, Theiss Verlag 2019<br \/>\n304 Seiten, 28 Euro<\/p>\n<p><!--more--><\/p>\n<h5 class=\"moz-forward-container\"><span style=\"font-size: xx-small;\"><br \/>\nNussbaum ist eine US-Philosophin. Ihre Analyse geht von den Motiven der W\u00e4hlerinnen bei der letzten US-Pr\u00e4sidentschaftswahlen aus.<\/p>\n<p>Eine gute Rezension des Buches gab es auch im Deutschlandfunk Kultur, nachzulesen unter<\/p>\n<p><a class=\"moz-txt-link-freetext\" href=\"https:\/\/www.deutschlandfunkkultur.de\/martha-nussbaum-das-koenigreich-der-angst-angst-gift-fuer.1270.de.html?dram:article_id=438475\" target=\"_blank\" rel=\"noopener\">https:\/\/www.deutschlandfunkkultur.de\/martha-nussbaum-das-koenigreich-der-angst-angst-gift-fuer.1270.de.html?dram:article_id=438475<\/a><\/p>\n<p>Ein zentraler Satz daraus: &#8222;Kein anderes Gef\u00fchl ist f\u00fcr die Demokratie gef\u00e4hrlicher.&#8220;<\/p>\n<p>Passt zur aktuellen angstunterstr\u00f6mten Rechtspolitik in der EU, \u00d6sterreich aber auch zum Versuch der Bewirtschaftung der \u00c4ngste im Grenzland durch die ISA-Israel.<\/p>\n<p><\/span><\/h5>\n","protected":false},"excerpt":{"rendered":"<p>Aus dem Englischen von Manfred Weltecke Stuttgart, Theiss Verlag 2019 304 Seiten, 28 Euro<\/p>\n","protected":false},"author":2,"featured_media":0,"comment_status":"open","ping_status":"open","sticky":false,"template":"","format":"standard","meta":{"footnotes":""},"categories":[1],"tags":[],"class_list":["post-4984","post","type-post","status-publish","format-standard","hentry","category-allgemein"],"_links":{"self":[{"href":"https:\/\/www.friedensplattform.at\/index.php?rest_route=\/wp\/v2\/posts\/4984","targetHints":{"allow":["GET"]}}],"collection":[{"href":"https:\/\/www.friedensplattform.at\/index.php?rest_route=\/wp\/v2\/posts"}],"about":[{"href":"https:\/\/www.friedensplattform.at\/index.php?rest_route=\/wp\/v2\/types\/post"}],"author":[{"embeddable":true,"href":"https:\/\/www.friedensplattform.at\/index.php?rest_route=\/wp\/v2\/users\/2"}],"replies":[{"embeddable":true,"href":"https:\/\/www.friedensplattform.at\/index.php?rest_route=%2Fwp%2Fv2%2Fcomments&post=4984"}],"version-history":[{"count":1,"href":"https:\/\/www.friedensplattform.at\/index.php?rest_route=\/wp\/v2\/posts\/4984\/revisions"}],"predecessor-version":[{"id":4985,"href":"https:\/\/www.friedensplattform.at\/index.php?rest_route=\/wp\/v2\/posts\/4984\/revisions\/4985"}],"wp:attachment":[{"href":"https:\/\/www.friedensplattform.at\/index.php?rest_route=%2Fwp%2Fv2%2Fmedia&parent=4984"}],"wp:term":[{"taxonomy":"category","embeddable":true,"href":"https:\/\/www.friedensplattform.at\/index.php?rest_route=%2Fwp%2Fv2%2Fcategories&post=4984"},{"taxonomy":"post_tag","embeddable":true,"href":"https:\/\/www.friedensplattform.at\/index.php?rest_route=%2Fwp%2Fv2%2Ftags&post=4984"}],"curies":[{"name":"wp","href":"https:\/\/api.w.org\/{rel}","templated":true}]}}